{"id":2915,"date":"2023-03-08T20:41:29","date_gmt":"2023-03-08T19:41:29","guid":{"rendered":"http:\/\/www.pkn-nagele.nl\/?p=2915"},"modified":"2023-03-08T20:41:29","modified_gmt":"2023-03-08T19:41:29","slug":"kerknieuws-maart-2023","status":"publish","type":"post","link":"https:\/\/www.pkn-nagele.nl\/?p=2915","title":{"rendered":"Kerknieuws maart 2023"},"content":{"rendered":"<p>De weg naar Pasen<\/p>\n<p>\u2018Wanneer je vast<br \/>\ntrek dan geen somber gezicht\u2026<br \/>\nmaar zalf je hoofd\u2018 (Mattheus: 6:16-17)<\/p>\n<p>Laten wij daarom dan<br \/>\nde luiken van verstarde denkbeelden<br \/>\nwijd open zwaaien<br \/>\nzodat Gods scheppende geest<br \/>\nals frisse wind<br \/>\nnaar binnen waait.<\/p>\n<p>Laten wij speuren<br \/>\nnaar vezels die de ziel verharden<br \/>\nen ze ontwortelen<br \/>\nom minzaam en genadig om te gaan<br \/>\nmet elke andere op onze weg.<\/p>\n<p>Laten wij ons verheugen<br \/>\nover hoe leven telkens weer verschijnt<br \/>\nwaar mensen zonder tellen<br \/>\nkracht en geestdrift<br \/>\ndoorgeven en wekken.<\/p>\n<p>En laten wij ook eigenhandig<br \/>\neen nieuwe orde brengen<br \/>\nin de wereld<br \/>\nzodat gerechtigheid voor velen<br \/>\nde weg bereidt die ons<br \/>\nnaar Pasen leiden kan.<\/p>\n<p>Kris Gelaude<\/p>\n<p><strong>\u2026Van de voorzitter<\/strong><br \/>\nDe Veertigdagen tijd: een tijd van inkeer<br \/>\nWoensdag 22 februari, Aswoensdag is de Veertigdagentijd 2023 begonnen.<br \/>\nHet thema van de Petrus-veertigdagentijdkalender van de PKN is \u201cUit liefde voor jou\u201d.<br \/>\nDeze kalender is gratis aan te vragen bij het Dienstencentrum van de PKN Utrecht.<br \/>\nWaar draait het om in deze periode?<br \/>\nDs. Charlotte Inkelaar-de Mos omschrijft het zo bij de start van de Veertigdagentijd 2023 als volgt.<br \/>\nWaar draait het om in ons leven?<br \/>\nWat is het meest belangrijk?<br \/>\nAls we kijken naar we hoe we onze tijd besteden, dan geeft dat iets aan.<br \/>\nOf toch niet? Onze tijd gaat op aan leven, werken, onze telefoon en computer, sociale verplichtingen. Wat is daarin het meest belangrijk? Hoe verhoudt het zich tot ons geloven, tot ons innerlijk leven?<br \/>\nWat beweegt ons diep van binnen?<br \/>\nWat zijn onze beweegredenen, onze drijfveren? En hoe verhoudt zich dat tot de Bron van ons leven? Een hoop vragen.<br \/>\nDe uitnodiging ligt er om daar stil van te worden, in de tijd die voor ons ligt er om daar bij stil te worden, in de tijd die voor ons ligt.<br \/>\nDe Veertigdagentijd is een tijd van inkeer en verstilling, een tijd van omkeer naar God. Een periode om ons te richten op de levende Heer om Hem te zoeken.<br \/>\nWat kun jij deze week concreet doen om ruimte te maken voor God?<\/p>\n<p><em>Commissie Bijzonder Diensten<\/em><br \/>\nDe leden van de commissie hebben samen met ds. Taede Deelstra de dienst van de Witte Donderdag en Paaszondag voorbereid.<br \/>\nDe dienst van de Goede Vrijdag wordt verzorgd door enkele leden van de CBD en gemeenteleden.<br \/>\nEr is geen dienst op Stille Zaterdag.<\/p>\n<p><em>Verhuizing naar de clubzaal<\/em><br \/>\nWanneer u dit leest is het mogelijk dat u al een dienst meegemaakt heeft in de clubzaal.<br \/>\nDe reden is dat de energiekosten in de kerkzaal erg hoog zijn en er is in de kerkenraad besloten naar de kleine zaal te gaan.<br \/>\nIntussen zijn daar enkele technische aanpassingen gerealiseerd, zodat de uitzendingen via Kerkdienst gemist ook door kunnen gaan.<br \/>\nMet Pasen hopen we weer naar de kerkzaal te gaan!<\/p>\n<p><strong>\u202675+ jarigen maart<\/strong><br \/>\n09-03 T. Wiersma-Dijkstra<\/p>\n<p><em>\u2026Mutaties<\/em><br \/>\nOvergeschreven:<br \/>\nFam. Breddels is overgeschreven naar<br \/>\nProtestantse gemeente Tollebeek<\/p>\n<p><em>Verhuisd:<\/em><br \/>\nDhr. S. van Breugel is verhuisd naar<br \/>\nhet buitenland.<\/p>\n<p><strong>\u2026Bloemengroet februari<\/strong><br \/>\n5 febr. Dhr. en mw. Mastebroek<br \/>\n12 febr. Patricia Doppenberg<br \/>\n19 febr. Kasper Katuin<br \/>\n26 febr. Sien van Bekkum<\/p>\n<p><strong>Collectes<\/strong><br \/>\n<em>Diaconie<\/em><br \/>\nzondag 1 jan. \u20ac 40,20 Diaconie<br \/>\nzondag 8 jan. \u20ac 62,60 Diaconie<br \/>\nzondag 15 jan. \u20ac 62,50 Ondersteuning gemeenten<br \/>\nzondag 22 jan. \u20ac 191,80 Voedselbank<br \/>\nzondag 29 jan. \u20ac 64,00 ISEE<\/p>\n<p><em>Kerk<\/em><br \/>\nzondag 1 jan. \u20ac 52,60<br \/>\nzondag 8 jan. \u20ac 61,10<br \/>\nzondag 15 jan. \u20ac 64,70<br \/>\nzondag 22 jan. \u20ac 52,60<br \/>\nzondag 29 jan. \u20ac 49,80<\/p>\n<p><strong>\u2026Enthousiaste zangers\/zangeressen gezocht!<\/strong><\/p>\n<p>Op 2e Pinksterdag, 29 mei 2023, om 10.00 uur, organiseert de Raad van Kerken een viering in de stijl van een Taiz\u00e9-gebed in de H. Micha\u00eblkerk te Emmeloord.<\/p>\n<p>Een Taiz\u00e9-gebed kenmerkt zich door liederen, lezingen en muziek, gemaakt in de oecumenische kloostergemeenschap van Taiz\u00e9 (Frankrijk). Jaarlijks komen vele duizenden jongeren naar deze plaats om zich te laten inspireren. In een Taiz\u00e9-gebed zijn zingen, stilte, bezinning en doorgeven van het licht kernpunten.<\/p>\n<p>De liederen zijn kort en bestaan meestal uit \u00e9\u00e9n of twee zinnen die meerdere malen worden herhaald. Hierdoor worden muziek en woorden verinnerlijkt en zingen de melodie\u00ebn en teksten nog lang na in hoofd en hart. Door de herhaling worden de regels ook een gebed dat je met je meeneemt.<\/p>\n<p>Voor de vocale ondersteuning zoeken we mannen en vrouwen die het leuk vinden om samen een gelegenheidskoor te vormen (4 stemmig). Het koor wordt tijdens de viering begeleid door instrumentalisten uit de polder. De leiding is in handen van Marian Sijtsma.<\/p>\n<p>De repetities vinden plaats op de volgende avonden: woensdag 12, 19, 26 april, 3, 10, 17, 24 mei. Tijd: van 20.00 tot 21.30 uur.<br \/>\nLocatie repetities: in een zaal van kerkgebouw De Rank, Abelenlaan 31 in Emmeloord.<\/p>\n<p>Om je voor te bereiden krijg je de bladmuziek toegestuurd. Het oefenen van je eigen partij is mogelijk via de site van Taiz\u00e9.<\/p>\n<p>U bent allen van harte welkom om mee te doen! We vertrouwen op een enthousiaste samenwerking!<\/p>\n<p>Heeft u belangstelling, meldt u dan uiterlijk 1 april aan bij Marian Sijtsma svp met vermelding van zangstem. <a href=\"mailto:mariansy@planet.nl\">mariansy@planet.nl<\/a><\/p>\n<p><strong>\u2026Bijbelleesrooster maart<\/strong><br \/>\nzo 5 Psalm 106:1-23<br \/>\nma 6 Psalm 106:24-48<br \/>\ndi 7 Numeri 12:1-16<br \/>\nwo 8 Numeri 13:1-3,17-24<br \/>\ndo 9 Numeri 13:25-33<br \/>\nvr 10 Numeri 14:1-10<br \/>\nza 11 Psalm 25:1-11<br \/>\nzo 12 Psalm 25:12-22<br \/>\nma 13 Numeri 14:11-25<br \/>\ndi 14 Numeri 14:26-35<br \/>\nwo 15 Numeri 14:36-45<br \/>\ndo 16 Psalm 5<br \/>\nvr 17 Romeinen 7:1-12<br \/>\nza 18 Romeinen 7:13-25<br \/>\nzo 19 Romeinen 8:1-11<br \/>\nma 20 Romeinen 8:12-21<br \/>\ndi 21 Romeinen 8:22-30<br \/>\nwo 22 Romeinen 8:31-39<br \/>\ndo 23 Numeri 20:1-13<br \/>\nvr 24 Numeri 20:14-21<br \/>\nza 25 Numeri 20:22-29<br \/>\nzo 26 Psalm 95<br \/>\nma 27 Numeri 21:1-9<br \/>\ndi 28 Numeri 21:10-20<br \/>\nwo 29 Numeri 21:21\u201322:1<br \/>\ndo 30 Psalm 50:1-15<br \/>\nvr 31 Psalm 50:16-23<br \/>\nApril<br \/>\nza 1 Numeri 27:12-23<br \/>\nzo 2 Matte\u00fcs 21:1-9<\/p>\n<p><strong>\u2026Kerkdiensten<\/strong><br \/>\n<strong>Zondag 12 maart 2023 9.30 uur<\/strong><br \/>\nDs. Teade Deelstra (Opeinde)<br \/>\nEerste collecte: Binnenlands diaconaat<br \/>\nTweede collecte: Kerk<\/p>\n<p><strong>Zondag 19 maart 2023 9.30 uur<\/strong><br \/>\nDs. Jan Woltinge (Zwolle)<br \/>\nEerste collecte: Diaconie<br \/>\nTweede collecte: Kerk<\/p>\n<p><strong>Zondag 26 maart 2023 9.30 uur<\/strong><br \/>\n<em>Morgengebed<\/em><br \/>\nEerste collecte: ISEE<br \/>\nTweede collecte: Kerk<\/p>\n<p><strong>Zondag 2 april 2023 9.30 uur<\/strong><br \/>\nMevr. Marijke de Groot (Kampen)<br \/>\nEerste collecte: Diaconie<br \/>\nTweede collecte: Kerk<\/p>\n<p>Giften kunnen worden overgemaakt onder vermelding van de datum van de dienst:<\/p>\n<p>Diaconie (1e collecte)op rekening:<br \/>\nNL87 RABO 0114 270 988<br \/>\nt.n.v. Diaconie Protestantse Gemeente Nagele<br \/>\nKerk (2e collecte) op rekening:<br \/>\nNL87 RABO 0114 281 173<br \/>\nt.n.v. Protestantse Gemeente Nagele<\/p>\n<p><strong>Colofon<\/strong><br \/>\nKerkblad van de Protestantse Gemeente Nagele, zesentwintigste jaargang, nr 7, maart 2023, totaal nummer 281<br \/>\nRedactie: Willy Boogaard, Elma van der Sar Voorkant: Hans Lamse.<br \/>\nHet kerkblad voor april 2023 ligt<br \/>\n2 april in de kerk. De kopij kan tot zondag 26 maart 19.00 uur ingeleverd worden.<br \/>\nDat kan op Noorderlaan 5 of per email: kerknieuws@pkn-nagele.nl.<br \/>\nPredikant: Ds. T.Deelstra<br \/>\nTel: 0619489103.<br \/>\nemail: dominee.deelstra@tutanota.com of<br \/>\npredikant@pkn-nagele.nl<br \/>\nVoorzitter: Janny Bunschoten tel: 0527-652304 email bunja@home.nl<br \/>\nScriba: Ina Hospers, tel: 0527- 652736<br \/>\ne-mail: scriba@pkn-nagele.nl<br \/>\nCo\u00f6rdinator Pastoraat: Wieke van der Sar<br \/>\nTel :0527652620\/0625463896,<br \/>\nemail vandersapw@gmail.com<br \/>\nLedenadministratie: Wil van den Vlekkert. e-mail: leden@pkn-nagele.nl<\/p>\n","protected":false},"excerpt":{"rendered":"<p>De weg naar Pasen \u2018Wanneer je vast trek dan geen somber gezicht\u2026 maar zalf je hoofd\u2018 (Mattheus: 6:16-17) Laten wij daarom dan de luiken van verstarde denkbeelden wijd open zwaaien zodat Gods scheppende geest als frisse wind naar binnen waait. Laten wij speuren naar vezels die de ziel verharden en<\/p>\n","protected":false},"author":2,"featured_media":0,"comment_status":"closed","ping_status":"closed","sticky":false,"template":"","format":"standard","meta":{"footnotes":""},"categories":[4,201],"tags":[],"class_list":["post-2915","post","type-post","status-publish","format-standard","hentry","category-kerknieuws","category-kerknieuws-2023"],"_links":{"self":[{"href":"https:\/\/www.pkn-nagele.nl\/index.php?rest_route=\/wp\/v2\/posts\/2915","targetHints":{"allow":["GET"]}}],"collection":[{"href":"https:\/\/www.pkn-nagele.nl\/index.php?rest_route=\/wp\/v2\/posts"}],"about":[{"href":"https:\/\/www.pkn-nagele.nl\/index.php?rest_route=\/wp\/v2\/types\/post"}],"author":[{"embeddable":true,"href":"https:\/\/www.pkn-nagele.nl\/index.php?rest_route=\/wp\/v2\/users\/2"}],"replies":[{"embeddable":true,"href":"https:\/\/www.pkn-nagele.nl\/index.php?rest_route=%2Fwp%2Fv2%2Fcomments&post=2915"}],"version-history":[{"count":1,"href":"https:\/\/www.pkn-nagele.nl\/index.php?rest_route=\/wp\/v2\/posts\/2915\/revisions"}],"predecessor-version":[{"id":2916,"href":"https:\/\/www.pkn-nagele.nl\/index.php?rest_route=\/wp\/v2\/posts\/2915\/revisions\/2916"}],"wp:attachment":[{"href":"https:\/\/www.pkn-nagele.nl\/index.php?rest_route=%2Fwp%2Fv2%2Fmedia&parent=2915"}],"wp:term":[{"taxonomy":"category","embeddable":true,"href":"https:\/\/www.pkn-nagele.nl\/index.php?rest_route=%2Fwp%2Fv2%2Fcategories&post=2915"},{"taxonomy":"post_tag","embeddable":true,"href":"https:\/\/www.pkn-nagele.nl\/index.php?rest_route=%2Fwp%2Fv2%2Ftags&post=2915"}],"curies":[{"name":"wp","href":"https:\/\/api.w.org\/{rel}","templated":true}]}}