{"id":2497,"date":"2021-03-03T16:33:05","date_gmt":"2021-03-03T15:33:05","guid":{"rendered":"http:\/\/www.pkn-nagele.nl\/?p=2497"},"modified":"2026-02-16T15:01:29","modified_gmt":"2026-02-16T14:01:29","slug":"kerknieuws-maart-2021","status":"publish","type":"post","link":"https:\/\/www.pkn-nagele.nl\/?p=2497","title":{"rendered":"Kerknieuws maart 2021"},"content":{"rendered":"<p><strong>Paaswens in corona-tijd<\/strong><\/p>\n<p>In deze tijd<br \/>\nwaarin we met zijn allen<br \/>\nafstand, onzekerheid, angst,<br \/>\nzorgen, vragen, verdriet ervaren<br \/>\nis de uitdaging om te hopen en te vertrouwen vaak en voor velen<br \/>\ngroot.<\/p>\n<p>En toch leven ze,<br \/>\ndie hoop en dat vertrouwen.<br \/>\nWant ondanks de gedwongen afstand<br \/>\nvoelen we ook sterk nabijheid.<br \/>\nBoodschappen van hoop, floreren.<br \/>\nTekens van medeleven, worden geboren.<br \/>\nInventief zoeken naar nabijheid, ontkiemt.<br \/>\nNaastenliefde schuilt \u2013onverwacht- eerbiedig en krachtig in de moeite die mensen doen om elkaar te bereiken<br \/>\nin de zachtheid waarmee hun blikken of hun stemmen elkaar zoeken.<\/p>\n<p>We zien wat kan en worden geraakt<br \/>\ndoor de kansen en de schoonheid<br \/>\ndie in mensen leven.<br \/>\nLicht in duisternis.<\/p>\n<p>Wij vieren Pasen dit jaar niet fysiek samen.<br \/>\nWij zeggen en zingen niet in koor<br \/>\ndat God niet dood is maar leeft.<br \/>\nMaar we mogen wel stil en dankbaar<br \/>\nmisschien nog sterker dan anders<br \/>\ngetuige zijn dat Hij zichtbaar en voelbaar \u2018leeft\u2019 in mensen.<\/p>\n<p>Moge het een paaswens zijn<br \/>\ndat dit aangewakkerd vuur<br \/>\nvan hoop en vertrouwen<br \/>\nvan medeleven en naastenliefde<br \/>\nbrandend wordt gehouden<br \/>\nook wanneer coronatijd verleden tijd zal zijn wanneer we<br \/>\n\u2013misschien amper bewust hiervan-<br \/>\nopnieuw dreigen te verzinken<br \/>\nin ons benauwend en jachtig<br \/>\nheen en weer bestaan.<br \/>\nLaat ons geraakt en gestuwd blijven<br \/>\ndoor wat we nu ervaren:<br \/>\neen ommekeer tot licht,<br \/>\ngeboren uit duisternis.<br \/>\nHilde Van der motte<\/p>\n<p><strong>\u2026 Om te beginnen<\/strong><\/p>\n<p>Om iets moeilijks uit te leggen gebruik ik nog wel eens een voorbeeld uit het dagelijks leven. Het mooie ervan is, dat je het in meerdere situaties kunt gebruiken, omdat het een duidelijk beeld geeft waar het omgaat.<br \/>\nZo kwam het in mij op dat ik in de afgelopen week mensen om mij heen heb verteld dat we anders leren koken. Wat we altijd doen is een goede maaltijd bereiden, waarmee we de tijd daarna weer kunnen overbruggen. Hiervoor gebruiken we diverse pannen en een hitte bron, zoals bijvoorbeeld het wel bekende gasfornuis. Dit gaat al jaren naar tevredenheid want we zijn gezond en sterk genoeg om ons werk te doen. Alleen door een bepaalde reden, dat het gas een keer op raakt, moeten we nadenken en een andere manier verzinnen om toch weer diezelfde maaltijd op tafel te krijgen.<br \/>\nDe \u00e9\u00e9n zegt dat het simpel is om over te stappen op een elektrisch fornuis, maar voor een ander is het moeilijk. Er zijn redenen genoeg te bedenken wat er dan zoal gezegd wordt om toch maar bij het oude vertrouwde gaspitje te blijven.<br \/>\nIn het kerkelijke leven hebben we een jaarcyclus met vele Bijbelverhalen en bijbehorende gebruiken en acties. In de kern zijn we met elkaar bezig ons geloof te delen en te versterken. Dit zou je kunnen vergelijken met het koken van de maaltijd zoals ik al eerder beschreef. Ondertussen zijn we alweer een jaar bezig met corona, iets wat het wel erg moeilijk heeft gemaakt om de boodschap en het samenzijn uit te voeren. We moeten \u201cbij wijze van spreken\u201d van het gas af. Gelukkig zijn er vele vrijwilligers die helpen om op een andere manier \u00e9n soms met nieuwe technieken de wel bekende \u201cmaaltijd\u201d u voor te schotelen. Het zal allicht iets anders smaken, af en toe net niet aangebrand, want de bereidingswijze is nieuw. Toch, het is goed om niet stil te staan. Er blijft altijd een wens om weer terug te gaan naar het oude, maar we zullen er niet aan ontkomen dat ondertussen weer nieuwe idee\u00ebn zijn ontstaan om mee verder te gaan.<br \/>\nGelukkig maar, want sinds dat de bijbel is geschreven, is er ook al veel verandert. Wat ik hierin mooi vind is dat we elkaar wel vertellen wat we missen, of wat misschien beter kan. Gelukkig ziet het er weer naar uit dat we weer langzaam kunnen beginnen met elkaar te ontmoeten tijdens de zondags diensten. Fijn dat we d\u00e1t nu weer mogen, nu we in de 40 dagen tijd toe leven naar het Paasfeest. Geniet van deze vooruitgang en graag tot ziens.<\/p>\n<p>Adri Leune.<\/p>\n<p><strong>\u2026Bloemengroet<\/strong><br \/>\n7 febr.Jos\u00e9 Hooijer<br \/>\n14 febr.Rutger en Lisette Bergboer<br \/>\n21 febr.Rien Stoutjesdijk<br \/>\n28 febr.Mw. Lamse- Scheele<\/p>\n<p><strong>&#8230;70+ jarigen<\/strong><br \/>\n09-03 T. Wiersma-Dijkstra<br \/>\n10-03 C. Plat-Jansen<br \/>\n20-03 B. Bruinsma<br \/>\n27-03 M.J. Henry<br \/>\n28-03 L.A. den Hartog<\/p>\n<p><strong>\u2026Mutaties<\/strong><br \/>\nNieuw ingekomen<br \/>\nVan de Protestantse gemeente<br \/>\nEmmeloord, mevr. J.D. Lamse-Scheele<\/p>\n<p><em>Verhuisd<\/em><br \/>\nDhr. M. Kuipers is verhuisd naar<br \/>\nEmmeloord en overgeschreven<\/p>\n<p><em>Huwelijksjubileum<\/em><br \/>\n17-03 dhr. en mevr. G.G. Nuhoff-F.G. Vink<br \/>\n12,5 jaar getrouwd<\/p>\n<p><em>Overleden<\/em><br \/>\n21-02 dhr. K. Sibma<\/p>\n<p><strong>\u2026Collectes<\/strong><br \/>\n<em>Diaconie<\/em><br \/>\nzondag 29 nov. \u20ac 39,50 ISEE<br \/>\nzondag 6 dec. \u20ac 40,60 Diaconie<br \/>\nzondag 13 dec. \u20ac 60,45 Diaconie<\/p>\n<p><em>Kerk<\/em><br \/>\nzondag 29 nov. \u20ac 39,50<br \/>\nzondag 6 dec. \u20ac 40,60<br \/>\nzondag 13 dec. \u20ac 60,45<\/p>\n<p><strong>\u2026Kort verslag vanuit Moderamen en Kerkenraad<\/strong>.<br \/>\nHet Moderamen is in november, december en begin januari bij elkaar geweest waarin de ontwikkelingen rondom de corona-regelgeving steeds op de agenda stond. De kerkenraad is bij elkaar geweest op 19 januari. Het was fijn om elkaar een keertje live te kunnen zien en spreken. M.b.v. de koster konden we in de kerkzaal zitten. Hierdoor konden de afstands-regels prima nageleefd worden.<br \/>\nDe afgelopen maanden hebben we onder meer gesproken over:<br \/>\n&#8211; De mogelijkheid om de kerkdienst live uit te zenden. U heeft hier ondertussen al gebruik van kunnen maken. Kees v.d. Sar, Adri Leune, Inge Leune en het beam-team hebben de schouders er onder gezet. Met als gevolg dat we heel snel de kerkdiensten live konden volgen via Kerkdienst gemist.<br \/>\nOndertussen is al gebleken dat velen de online diensten volgen.<br \/>\n&#8211; Het gebruik van filmpjes in de diensten. Goed nagaan wat we wel en niet zomaar kunnen gebruiken. Dit i.v.m. auteursrechten.<br \/>\n&#8211; Het beroepingswerk. Kees v.d.Sar heeft de kerkenraad op de hoogte gehouden van de vorderingen.<br \/>\n&#8211; De zorgen m.b.t. contacten onderhouden met de gemeenteleden. We mogen niet meer bij de mensen binnenkomen. Hoe hou je dan contact. Dank aan iedereen die zijn\/haar steentje heeft bijgedragen in deze lastige tijd.<br \/>\n&#8211; Nieuwe ouderling. In december hebben we Ineke Bolijn kunnen verwelkomen als ouderling. Het blijft elke keer weer een hele zoektocht om nieuwe ambtsdragers te vinden. We zijn erg blij dat Ineke de kerkenraad wil komen versterken.<br \/>\n&#8211; Praktische zaken zoals: Nieuwe gordijnen in de jeugd- en kerkzaal, een nieuw koffiezetapparaat. De gordijnen zijn genaaid door gemeenteleden en zullen binnenkort opgehangen worden.<br \/>\n&#8211; Gemeenteavond. De avond in november is niet door gegaan en nu kan misschien de avond in april ook niet doorgaan. In het voorjaar bespreken we altijd de cijfers. Deze zullen dit jaar wel (zoals altijd) als bijlage bij het kerknieuws meegestuurd worden. Er wordt gekeken naar een vorm waarin de gemeenteleden wel de mogelijkheid krijgen om vragen\/opmerkingen te kunnen stellen\/maken.<br \/>\n&#8211; Aankleding liturgisch centrum. De vragen\/opmerkingen m.b.t. de aankleding in de Kersttijd zijn besproken. Afgesproken is dat suggesties\/wensen gestuurd worden naar Ina Hospers en Gerja Vedelaar. Zij gaan dit meenemen in het totaal plaatje van die zondag en\/of periode. Ze staan open voor suggesties.<\/p>\n<p>Marianne Leune-van Giesen. Scriba.<\/p>\n<p><strong>\u2026Kerkdienst weer mogelijk met gemeenteleden.<\/strong><br \/>\nVanaf zondag 7 maart mogen we weer gemeenteleden toelaten bij de diensten. We zijn hier heel blij mee! We moeten ons echter wel goed aan de regels houden. Deze zijn:<br \/>\n&#8211; Maximaal 30 personen, exclusief de medewerkers aan de dienst.<br \/>\n&#8211; Er mag alleen gezongen worden door een koortje van maximaal 4 personen.<br \/>\n&#8211; Behoort u tot een risicogroep of heeft u een kwetsbare gezondheid, blijf dan thuis.<br \/>\n&#8211; Heeft u klachten zoals verkoudheid, koorts, hoesten, blijf dan ook thuis.<br \/>\n&#8211; Houdt uw jas bij u in de kerkzaal.<br \/>\n&#8211; Bij het binnen komen van de kerk graag de instructies volgen van de co\u00f6rdinatoren.<br \/>\n&#8211; En \u2026 vergeet uw mondkapje niet!<\/p>\n<p>U kunt de dienst altijd live volgen via kerkdienst-gemist. Heeft u daar hulp bij nodig, neem dan contact op met iemand van de kerkenraad of de wijkmedewerker.<\/p>\n<p>Namens de kerkenraad,<br \/>\nVriendelijke groeten, Marianne Leune..<\/p>\n<p><strong>\u2026Bij de diensten<\/strong><br \/>\n<em>Stille Week<\/em><br \/>\nDit jaar zijn er twee diensten in de Stille Week. Op Stille zaterdag is er geen dienst.<br \/>\nHet zijn diensten waarbij u aanwezig kunt zijn in de kerk of dat u via Kerkdienst gemist mee kijkt en luistert.<br \/>\nHet is een week van inkeer en bezinning, ter voorbereiding op het grootste feest dat we mogen vieren.<br \/>\nDat de diensten in deze Stille Week, met alle rust en stilte, de viering van het Avondmaal, de gebeden en de ingetogen zang, u bij uw eigen voorbereiding van dienst zullen zijn.<\/p>\n<p><em>Witte Donderdag 1 april<\/em><br \/>\nDe dienst op Witte Donderdag heeft van oudsher twee brandpunten. De eerste is de instelling van het joodse Pesachmaal, dat de bevrijding uit de slavernij van Egypte gedenkt (Exodus 12). De maaltijd die Jezus vlak voor Pesach met zijn leerlingen houdt is qua betekenis verwant met het joodse Pesachmaal. Jezus presenteert Zich als het lam, dat zijn leven geeft voor bevrijding van kwaad.<br \/>\nHet tweede brandpunt is het verhaal van de Voetwassing (Johannes 13) Jezus leert zijn leerlingen hoe bevrijdend onderlinge dienstbare liefde is.<br \/>\nHet is de nacht van de overlevering. Het woord \u2018overlevering\u2019 herbergt de dubbele betekenis van deze avond. Het is de overlevering van de maaltijd, maar ook de overlevering van Jezus in de handen van de mensen. Hij is bereid onze dienaar te zijn.<\/p>\n<p><em>Goede Vrijdag 2 april<\/em><br \/>\nOp Goede Vrijdag staat het lijdensverhaal van Jezus centraal. Hij is bereid zijn leven te geven als offer voor het kwaad in de wereld. Wij lezen een gedeelte uit het Bijbelboek Exodus, waarin het bloed van een lam aan het joodse volk bescherming biedt tegen de dood. Het lijdensverhaal van Jezus volgen we naar het evangelie naar Johannes. In het zingen van Psalmen klinkt de klacht van ellende en pijn naar God.<br \/>\nJanny Bunschoten<\/p>\n<p><em>Heilig Avondmaal<\/em><br \/>\nOp Witte Donderdag wordt de Maaltijd van de Heer weer in de kerk gevierd.<br \/>\nIn de kerk wordt de avondmaalstafel klaargemaakt en de voorganger, de dienstdoende ouderling en diaken er zullen plaatsnemen.<br \/>\nDe gemeenteleden, organist, de leden van het beam\/technischteam krijgen voor de dienst brood en wijn uitgereikt in de bekende bakjes bij binnenkomst van de kerk, zodat ze kunnen deelnemen aan het Avondmaal vanaf hun zitplaats.<br \/>\nDe gemeenteleden kunnen thuis naar de dienst kijken en kunnen van te voren een stukje brood en wijn klaarzetten en wanneer de voorganger aangeeft het brood en de wijn te delen, u kunt dus thuis deelnemen aan het Avondmaal.<\/p>\n<p>Janny Bunschoten<\/p>\n<p><strong>&#8230;Beroepingscommissie<\/strong><\/p>\n<p>Geachte gemeenteleden.<br \/>\nBij deze weer een bericht van de beroepingscommisie.<br \/>\nIn overleg met de voorzitter van de kerkenraad het volgende.<br \/>\nIn dit kerknieuws is een soort van C.V opgenomen van Ds. Deelstra.<br \/>\nIn deze \u201ccorona tijd \u201cis het helaas nog niet mogelijk om d.m.v. een gemeente avond u allemaal te informeren.<br \/>\nAls u de moeite neemt om het artikel van Ds. Deelstra te lezen en de preken via kerkdienst gemist te beluisteren en te bekijken krijgt u ongetwijfeld een indruk.<br \/>\nDe preken welke u via, kerkdienst gemist , kunt beluisteren en bekijken, zijn gehouden op <a href=\"https:\/\/kerkdienstgemist.nl\/stations\/1437\/events\/recording\/160966170001437\">3 januari in Nagele<\/a> en <a href=\"https:\/\/kerkdienstgemist.nl\/stations\/2363\/events\/recording\/161389800002363\">21 februari in Creil<\/a>.<br \/>\nuiteraard is het heel belangrijk om te weten hoe de gemeenteleden over deze eventueel te beroepen Dominee denken.<br \/>\nDaarom het verzoek of u een reactie wil geven aan de kerkenraad , maar dan wel graag voor 14 maart.<br \/>\nDaarna zullen de kerkenraad leden alle reacties beoordelen en overgaan tot een beslissing om deze dominee wel of niet te gaan beroepen.<br \/>\nSucces met het beluisteren , het bekijken en het vormen van een mening over een voor ons als gemeente van Nagele, zo een belangrijke beslissing.<\/p>\n<p>Namens de beroepingscommissie ,<br \/>\nKees van der Sar ( voorz. )<\/p>\n<p><a href=\"https:\/\/kerkdienstgemist.nl\/stations\/1437\/events\/recording\/160966170001437\">Beluister en bekijk hier de dienst van 3 januari 2021<\/a><br \/>\n<a href=\"https:\/\/kerkdienstgemist.nl\/stations\/2363\/events\/recording\/161389800002363\">Beluister en bekijk hier de dienst van 21 februari 2021<\/a><\/p>\n<p><strong>..Beste mensen,<\/strong><\/p>\n<p>Van de beroepingscommissie kreeg ik het verzoek om iets over mijzelf te vertellen. Zoals u weet hebben wij al enige tijd een goed contact met elkaar. Daar ben ik blij mee. Mogelijk gaat u een beroep op mij uitbrengen om predikant in de Noordoostpolder te worden. In dat geval zou ik er serieus over denken om dat ook aan te nemen. Wat mogen wij dan van elkaar verwachten?<\/p>\n<p>Van Creil, Espel en Nagele heb ik dankzij de beroepingscommissie al een indruk gekregen. Wat mij in ieder geval aanspreekt is de nuchterheid in de polder. Het is een boeiend deel van Nederland. In de vorige eeuw zijn er pioniers in de polder komen wonen. Mensen, overal uit het land vandaan, met verschillende achtergronden. Zo is een nieuwe samenleving ontstaan. In de dorpen Creil, Espel en Nagele staat in elk dorp \u00e9\u00e9n kerk. Dat is vroeger anders geweest. Het Saalicon in Creil is de voormalige Katholieke kerk. Als er in een dorp maar \u00e9\u00e9n kerk staat, is het voor de kerk een mooie kans om samenbindend te zijn. Daar zou ik ook graag aan meewerken. Een grote uitdaging! Want mensen zijn niet gelijk. Opvattingen kunnen heel verschillend zijn. Ik hoop dat ook als je verschillende meningen hebt, toch ook voelt: wij horen bij elkaar. Ondanks de verschillen die er zijn, zijn wij toch een eenheid. Dat is een grote rijkdom.<br \/>\nHoe ver dat strekt, heb ik op een aantal reizen mogen ervaren. In mijn vorige gemeente heb ik verschillende keren met de jeugd van de kerk een zendingsreis naar Albani\u00eb gemaakt. Maar ook op andere reizen heb ik broeders en zusters in totaal andere situaties ontmoet. Ik denk dan bijvoorbeeld aan een reis naar Irak in 2015. Dat was een predikantenreis met Open Doors, waarbij wij veel vluchtelingen hebben ontmoet. Toen heb ik heel sterk ervaren dat culturele verschillen tussen mensen helemaal niet belangrijk zijn. Waar het om gaat is, dat je door de liefde van Christus met elkaar verbonden bent. De liefde van Christus geeft houvast en geeft hoop. Mensen worden voor Christus gewonnen door deze liefde. Deze ervaringen hebben mij geleerd om in Nederland niet te zoeken naar wat ons scheidt, maar wat ons bindt.<\/p>\n<p><em>Persoonlijk.<\/em><br \/>\nIk ben zelf in een klein Fries dorp geboren, De Wilgen, op 8 april 1959. Mijn vader had een bescheiden boerenbedrijf, dus ik ben opgegroeid tussen de koeien. Als kind speelde ik veel buiten, maar ik hield ook veel van lezen. Wij gingen naar de kerk in Boornbergum. Daar stond ook de school. Na de lagere school heb ik het gymnasium gedaan op het Ichthus College (tegenwoordig: CSG Liudger) in Drachten. Op catechisatie heeft de predikant mij op het spoor van de theologie gezet. Mijn theologische studie heb ik gedaan aan de Theologische Universiteit in Kampen. Omdat ik verkering kreeg met Janneke Lageveen uit Drachten, ging ik ieder weekend naar huis. Soms op de fiets, door de polder. Haar vader is ooit nog turfmaker geweest in de omgeving van Tijnje. Inmiddels zijn wij 36 jaar getrouwd. Wij zijn gezegend met 4 kinderen. Inmiddels zijn er ook 3 kleinkinderen. Als predikant ben ik in januari 1987 begonnen in Oldehove, prov. Groningen. Verder heb ik gemeenten gediend in Frysl\u00e2n en Gelderland (Betuwe). Momenteel dien ik twee gemeenten, in Krabbendijke en in Yerseke (Zeeland). Wij zouden echter heel graag nog een periode in het Noorden van ons land willen wonen en werken.<\/p>\n<p>Mochten wij aan elkaar worden verbonden, zou ik graag met de hele gemeente op zoek gaan naar de weg die wij als kerk verder moeten gaan. De huidige tijd stelt ons voor veel vragen. Hoe zal de toekomst eruit zien? Ik vind het belangrijk dat de hele gemeente zich met elkaar verbonden voelt, door het geloof in Jezus Christus. Net als in een familie, horen de grootouders, de ouders, de kinderen en de kleinkinderen erbij. Ik zet mij er graag voor in om aan die band gestalte te geven. Het maakt niet uit in welke levensfase wij zijn, wij horen bij elkaar.<br \/>\nHoe je vorm kunt geven aan deze band? Dat is een zoektocht voor de hele gemeente. Daarin kan de predikant hopelijk ook een dienende rol spelen. De werktijd is helaas maar beperkt. In die tijd hoop ik contacten op te bouwen, binnen de gemeente, maar hopelijk ook buiten de gemeente, in het dorp. Er zullen goede afspraken gemaakt moeten worden, voor bezoekwerk, maar ook voor de andere taken, zoals: werkgroepen en Bijbelstudie, catechese en andere vormen van kringenwerk. De erediensten kunnen hopelijk weer gehouden worden met de gemeente in de kerk. Naast de erediensten moeten wij misschien ook op zoek naar andere vormen van ontmoeting. Het doel daarbij is steeds weer dat wij ons verbonden mogen weten met elkaar, om samen God alle eer te brengen. Daarbij is de inhoud belangrijker dan de vorm.<\/p>\n<p>Ik hoop van harte op vele goede, persoonlijke ontmoetingen, waarbij ruimte is voor iedereen.<br \/>\nRuimte is iets, wat bij de Polder past.<br \/>\nDaar hoort ook bij: een goede inhoud en kleur bekennen.<br \/>\nWaar wij met elkaar voor staan, is van onschatbare waarde. Onze volle inzet waard!<\/p>\n<p>Wij zijn van Christus.<\/p>\n<p>Hopelijk tot ziens,<br \/>\nMet een hartelijke groet,<br \/>\nmede namens Janneke,<br \/>\nDs. Taede Deelstra<\/p>\n<p>e-mail: <a href=\"mailto:tdeelstra@hotmail.com\">tdeelstra@hotmail.com<\/a><\/p>\n<p><strong>\u2026Bijbelleesrooster<\/strong><br \/>\nZa. 6 maart Jozua 1:1-9<br \/>\nZo. 7 maart Jozua 1:10-18<br \/>\nMa. 8 maart Jozua 2:1-14<br \/>\nDi. 9 maart Jozua 2:15-24<br \/>\nWo. 10 maart Psalm 126<br \/>\nDo. 11 maart Jozua 3:1-17<br \/>\nVr. 12 maart Jozua 4:1-14<br \/>\nZa. 13 maart Jozua 4:15\u20135:1<br \/>\nZo. 14 maart Jozua 5:2-12<br \/>\nMa. 15 maart Jozua 5:13\u20136:14<br \/>\nDi. 16 maart Jozua 6:15-27<br \/>\nWo. 17 maart Jozua 7:1-15<br \/>\nDo. 18 maart Jozua 7:16-26<br \/>\nVr. 19 maart Jozua 8:1-13a<br \/>\nZa. 20 maart Jozua 8:13b-29<br \/>\nZo. 21 maart Jozua 8:30-35<br \/>\nMa. 22 maart Jozua 9:1-15<br \/>\nDi, 23 maart Jozua 9:16-27<br \/>\nWo. 24 maart Jozua 10:1-15<br \/>\nDo. 25 maart Jozua 10:16-28<br \/>\nVr. 26 maart Jozua 10:29-43<br \/>\nZa. 27 maart Jozua 11:1-15<br \/>\nZo. 28 maart Marcus 11:1-11<br \/>\nMa. 29 maart Marcus 11:12-26<br \/>\nDi. 30 maart Psalm 118<br \/>\nWo. 31 maart Marcus 14:1-1<br \/>\nDo. 1 april Marcus 14:12-72<br \/>\nVr. 2 april Marcus 15:1-47<br \/>\nZa. 3 april Psalm 88<br \/>\nZo. 4 april Marcus 16:1-81<\/p>\n<p><strong>\u2026Kerkdiensten<\/strong><br \/>\n<strong>Zondag 14 maart 2021 9.30 uur<\/strong><br \/>\n<em>Aandacht voor biddag gewas en arbeid<\/em>.<br \/>\nDs. Gerlof van Rheenen (Hattum)<br \/>\nEerste collecte: Binnenlands diaconaat<br \/>\nOndersteuning diaconaat in arme regio\u2019s in Oost-Groningen en Limburg<br \/>\nwordt armoede vaak doorgegeven<br \/>\nvan generatie op generatie. Er<br \/>\nis weinig werk en er zijn weinig<br \/>\nvoorzieningen om kansarme<br \/>\njongeren op te vangen. Juist in<br \/>\ndeze regio\u2019s zijn de kerken klein<br \/>\nen hebben ze niet veel financi\u00eble<br \/>\nmiddelen. Hoe kun je dan als<br \/>\ndiaconie iets doen voor mensen in<br \/>\nkwetsbare omstandigheden? Hoe<br \/>\nkun je bijvoorbeeld iets betekenen<br \/>\nvoor kinderen die opgroeien in<br \/>\narmoede? Kerk in Actie begeleidt<br \/>\nkerken in deze regio\u2019s in hun<br \/>\ndiaconale taak en ondersteunt<br \/>\nhen zonodig financieel<br \/>\nTweede collecte: Kerk<\/p>\n<p><strong>Zondag 21 maart 2021 9.30 uur<\/strong><br \/>\nDs. Mariska van Beusichem (Hattum)<br \/>\nEerste collecte: Diaconie<br \/>\nTweede collecte: Kerk<\/p>\n<p><strong>Zondag 28 maart 2021 9.30 uur<\/strong><br \/>\n<em>Morgengebed<\/em><br \/>\nEerste collecte: ISEE<br \/>\nBestemd voor een visserijproject: \u201cHet Fincha Reservoir Fisheries Development Phasing Out Project\u201d. Het Fincha Reservoir ligt in het westen van Ethiopi\u00eb, ongeveer 275 km van Addis Abeba. De vissersco\u00f6peratie (DeGudetaDigaFisheriesCooperative Association) en de \u201cWomen\u201dgroep worden begeleid, met als doel:<br \/>\n&#8211; een levensvatbare vissersco\u00f6peratie, met een beter management<br \/>\n&#8211; De vissersco\u00f6peratie een hogere visproductie en een betere viskwaliteit<br \/>\n&#8211; de vrouwengroep gaat verder op eigen kracht<br \/>\nConcreet betekent dit o.a. het volgende:<br \/>\n\u2022 er is een diepvries werkend op zonne-energie geplaatst, waar de vis gelijk na vangst kan worden opgeslagen<br \/>\n\u2022 er zijn twee viswinkels gevestigd en er is een visrestaurant geopend<br \/>\n\u2022 vissers leren hun eigen netten en materialen te produceren.<br \/>\nTweede collecte: Kerk<\/p>\n<p><strong>Witte Donderdag 1 april 19.30 uur<\/strong><br \/>\n<em>Heilig avondmaal<\/em><br \/>\nDs. K Faber (Wolvega)<br \/>\nCollecte: Voedselbank<br \/>\nIn Nederland leeft meer dan een miljoen mensen onder de armoedegrens. De voedselbanken helpen de armsten door ze tijdelijk te voorzien van voedselpakketten. Om onze klanten van voldoende eten te kunnen voorzien, werken wij samen met bedrijven, instellingen, gemeenten en particulieren. Zo zorgen we er samen voor dat armoede wordt bestreden, voedseloverschotten verdwijnen en het milieu minder wordt belast. Om de zelfredzaamheid van onze klanten te vergroten, werken we samen met lokale organisaties die onze klanten helpen om weer op eigen benen te staan. Voedselhulp moet immers altijd tijdelijk zijn.<\/p>\n<p><strong>Goede Vrijdag 2 april 19.30 uur<\/strong><br \/>\nCBD<br \/>\nGeen collecte<\/p>\n<p><strong>Stille zaterdag. Geen dienst<\/strong><\/p>\n<p><strong>Zondag 4 april 2021 9.30 uur<\/strong><br \/>\n<em>1e Paasdag<\/em><br \/>\nDs. F Slothouber (Zwolle)<br \/>\nEerste collecte: Werelddiaconaat<br \/>\nZuid-Afrika Een toekomst voor kansarme kinderen<br \/>\nVeel zwarte jongeren in de Zuid<br \/>\nAfrikaanse stad Pretoria groeien<br \/>\nop in gewelddadige wijken en<br \/>\ngebroken gezinnen. De helft<br \/>\nvan hen maakt de middelbare<br \/>\nschool niet af en 40 procent<br \/>\nvan de jongeren tussen 15 en<br \/>\n34 jaar is werkloos. Kerk in Actie<br \/>\nondersteunt een organisatie die<br \/>\njongeren helpt met huiswerk,<br \/>\nmaar vooral met persoonlijke<br \/>\ngroei. Ze doet dit totdat ze<br \/>\nvolwassen zijn. Jongeren leren<br \/>\nsociale en creatieve vaardigheden<br \/>\nwaardoor ze weerbaarder worden<br \/>\nen kans maken op een beter<br \/>\nleven.<br \/>\nTweede collecte: Kerk<\/p>\n<p>Giften kunnen worden overgemaakt onder vermelding van de datum van de collecte aan Kerk protestantse gemeente Nagele<br \/>\nNl87 RABO 0114281173<\/p>\n<p>De collectes zullen 50\/50 verdeeld worden over de doelen.<\/p>\n<p><strong>Colofon<\/strong><br \/>\nKerkblad van de Protestantse Gemeente Nagele, vierentwintigste jaargang, nummer 7, maart 2021, totaal nummer 259.<br \/>\nRedactie: Willy Boogaard, Elma van der Sar Voorkant: Hans Lamse.<br \/>\nHet kerkblad voor april ligt 4 april in de kerk. De kopij kan tot zondag 28 maart 19.00 uur ingeleverd worden.<br \/>\nDat kan op Noorderlaan 5 of per email: <a href=\"mailto:kerknieuws@pkn-nagele.nl\">kerknieuws@pkn-nagele.nl<\/a>.<br \/>\nVoorzitter: Janny Bunschoten tel: 0527-652304 email bunja@home.nl<br \/>\nScriba: Marianne Leune, t: 0527- 652486<br \/>\ne-mail: <a href=\"mailto:scriba@pkn-nagele.nl\">scriba@pkn-nagele.nl<\/a><br \/>\nCo\u00f6rdinator Pastoraat: Wieke van der Sar<br \/>\nt.0527652620\/0625463896, email vandersapw@gmail.com<br \/>\nLedenadministratie: Wil van den Vlekkert. e-mail: <a href=\"mailto:leden@pkn-nagele.nl\">leden@pkn-nagele.nl<\/a><br \/>\nTel. nr. kerk: 0527-652571<\/p>\n","protected":false},"excerpt":{"rendered":"<p>Paaswens in corona-tijd In deze tijd waarin we met zijn allen afstand, onzekerheid, angst, zorgen, vragen, verdriet ervaren is de uitdaging om te hopen en te vertrouwen vaak en voor velen groot. En toch leven ze, die hoop en dat vertrouwen. Want ondanks de gedwongen afstand voelen we ook sterk<\/p>\n","protected":false},"author":2,"featured_media":0,"comment_status":"closed","ping_status":"closed","sticky":false,"template":"","format":"standard","meta":{"footnotes":""},"categories":[4,187],"tags":[],"class_list":["post-2497","post","type-post","status-publish","format-standard","hentry","category-kerknieuws","category-kerknieuws-2021"],"_links":{"self":[{"href":"https:\/\/www.pkn-nagele.nl\/index.php?rest_route=\/wp\/v2\/posts\/2497","targetHints":{"allow":["GET"]}}],"collection":[{"href":"https:\/\/www.pkn-nagele.nl\/index.php?rest_route=\/wp\/v2\/posts"}],"about":[{"href":"https:\/\/www.pkn-nagele.nl\/index.php?rest_route=\/wp\/v2\/types\/post"}],"author":[{"embeddable":true,"href":"https:\/\/www.pkn-nagele.nl\/index.php?rest_route=\/wp\/v2\/users\/2"}],"replies":[{"embeddable":true,"href":"https:\/\/www.pkn-nagele.nl\/index.php?rest_route=%2Fwp%2Fv2%2Fcomments&post=2497"}],"version-history":[{"count":4,"href":"https:\/\/www.pkn-nagele.nl\/index.php?rest_route=\/wp\/v2\/posts\/2497\/revisions"}],"predecessor-version":[{"id":2500,"href":"https:\/\/www.pkn-nagele.nl\/index.php?rest_route=\/wp\/v2\/posts\/2497\/revisions\/2500"}],"wp:attachment":[{"href":"https:\/\/www.pkn-nagele.nl\/index.php?rest_route=%2Fwp%2Fv2%2Fmedia&parent=2497"}],"wp:term":[{"taxonomy":"category","embeddable":true,"href":"https:\/\/www.pkn-nagele.nl\/index.php?rest_route=%2Fwp%2Fv2%2Fcategories&post=2497"},{"taxonomy":"post_tag","embeddable":true,"href":"https:\/\/www.pkn-nagele.nl\/index.php?rest_route=%2Fwp%2Fv2%2Ftags&post=2497"}],"curies":[{"name":"wp","href":"https:\/\/api.w.org\/{rel}","templated":true}]}}