{"id":2211,"date":"2019-08-28T19:45:25","date_gmt":"2019-08-28T18:45:25","guid":{"rendered":"http:\/\/www.pkn-nagele.nl\/?p=2211"},"modified":"2019-08-28T19:45:25","modified_gmt":"2019-08-28T18:45:25","slug":"kerknieuws-september-2019","status":"publish","type":"post","link":"https:\/\/www.pkn-nagele.nl\/?p=2211","title":{"rendered":"Kerknieuws september 2019"},"content":{"rendered":"\n<p>Om gelijkmoedigheid<\/p>\n\n\n\n<p>Maak mijn hart een oase van stilte,<br>\nmaak mijn lichaam een tempel van rust,<br>\nmaak mijn geest een onbeschreven blad,<br>\nmaak mijn ziel een spiegel van licht.<\/p>\n\n\n\n<p>Maak mijn mond zonder oordeel,<br>\nmaak mijn ogen onthecht,<br>\nmaak mijn oren tot horen bereid.<br>\nDat ik leer staan met lege handen.<\/p>\n\n\n\n<p>Dat ik mag aanvaarden wat is,<br>\nmag vertrouwen wat komt,<br>\nmag loslaten wat was,<br>\nop adem mag komen ieder moment.<\/p>\n\n\n\n<p>Alles begrijpend ben ik wijs,<br>\nniets begrijpend ben ik liefde,<br>\nniets bezittend ben ik vrij,<br>\nniets waar makend ben ik waar.<\/p>\n\n\n\n<p>Toon mij het gezicht van<br>\nvoor ik begon . Maak mij<br>\n\u00e9\u00e9n met alles, \u00e9\u00e9n met allen,<br>\n\u00e9\u00e9n met de Bron.<\/p>\n\n\n\n<p>Hein Stufkens<\/p>\n\n\n\n<p><strong>\u2026Om te beginnen<\/strong><\/p>\n\n\n\n<p>Twijfels<\/p>\n\n\n\n<p>Veilig Verkeer Nederland heeft eens reclame gemaakt met de leus: \u201cBij twijfel niet inhalen!\u201d Dat betekend: uitstellen en veilig op je weg doorgaan, dan kun je \u00f3\u00f3k je doel bereiken.<br>\nUitstellen betekent, nu op dit moment, <br>\nvoor mij meer tijd hebben om er over na te denken. Maar als het door het uitstellen dan te kort dag wordt om iets te schrijven slaat de twijfel toe. Gaat het wel lukken om een fatsoenlijk verhaal te schrijven?<br>\nHet is nu wel de bedoeling dat ik het van een andere kant ga bekijken, anders komt er niets van terecht. Twijfel is een gebrek aan vertrouwen, ik moet echt geloven dat het goed komt.<br>\nOnbewust maken we ons toch elke keer weer \u2018zorgen voor morgen\u2019.<br>\nToch hebben wij het geluk dat we een band hebben met de kerk. Het is daar heel normaal dat men omziet naar elkaar. Twijfel niet dat er geen mensen genoeg zijn, we hebben een veelkleurige gemeente met heel veel talenten. <br>\nWe gaan weer beginnen aan het nieuwe seizoen, de startdienst komt er alweer aan.<br>\nOok zijn er weer wisselingen in de kerkenraad, het is fijn dat er zoveel energie in gestoken wordt om met elkaar te kunnen blijven kerken, nu en in de toekomst.<br>\nHet gaat weer een waardevolle periode worden, zonder twijfel!<\/p>\n\n\n\n<p>Adri Leune<\/p>\n\n\n\n<p>\u2026<strong>Meditatie<\/strong><br> Genesis 2: 8 \u2018God, de Heer, legde in het oosten, in Eden, een tuin aan en daarin plaatste hij de mens die hij had gemaakt.\u2019<\/p>\n\n\n\n<p>Openbaring 21: 2 \u2018Toen zag ik de heilige stad, het nieuwe Jeruzalem, uit de hemel neerdalen, bij God vandaan. Ze was als een bruid die zich mooi heeft gemaakt voor haar man en hem opwacht.\u2019<\/p>\n\n\n\n<p>De Bijbel begint met een tuin en eindigt met een stad. Blijkbaar is de stad het hoogtepunt van Gods heilsgeschiedenis. Daar wijs ik als geboren en getogen stedeling plattelanders graag fijntjes op als zij hun leefomgeving verheerlijken ten koste van de stad. Ook bewoners van het buitengebied van Nagele hoor ik geregeld de ruimte rond hun huis prijzen waar \u2019s morgens lichtvoetige ree\u00ebn over de bedauwde velden snellen en &#8217;s avonds de betoverende sterrenhemel nog niet door een overdaad aan straatverlichting onzichtbaar is geworden. Inderdaad is leven op het platteland heel anders dan wonen in de stad. Daar zijn buiten spelende kinderen hun leven niet zeker vanwege het drukke verkeer, moet je betalen voor je parkeerplek, ruikt je wasgoed naar de barbecue van de buren en moet je tot diep in de nacht meegenieten van hun stereo-installatie. Geen wonder dat stadsbewoners elkaar gemakkelijk in de haren vliegen. <br>\nIk vraag mij daarom af: wat is dat voor bijzondere vrede die volgens de Bijbel zelfs in een stad kan standhouden? Het heeft vast en zeker te maken met de vrede van Jezus. Hij zegt dat de vrede die hij geeft anders is dan de vrede van de wereld.(Johannes 14:27) Wereldse vrede is dikwijls gebaseerd op afspraken en verdragen. Die vrede duurt maar zolang niemand het in zijn hoofd haalt eenzijdig zo\u2019n verdrag op te zeggen. Deze vrede is een kwetsbaar evenwicht tussen de tegenovergestelde wensen van verschillende partijen. De vrede van Jezus is anders. Deze vrede is niet gebaseerd op tegenstellingen als wij-zij, man-vrouw, rijk-arm, zwart-wit, homo-hetero, kerkelijk-niet-kerkelijk. De vrede van Jezus gaat uit van eenheid: Jezus weet zich Hij weet zich \u00e9\u00e9n met zijn Vader, die volgens hem ook onze Vader is. Hierin vindt hij vrede. <br>\nAls de vrede van Jezus ons doen en laten bepaalt zien ook wij overal geliefde kinderen van God, zelfs in mensen die wij zelf minder sympathiek vinden of waar wij ronduit een hekel aan hebben. Het zijn onze broers en zussen. Het vraagt wel oefening om zo te kijken. De stad is daar een heel geschikte plek voor. Ga maar eens op een druk station zitten of loop eens door een winkelstraat. Probeer bij iedereen die je ziet te bedenken dat dit een mensenkind is waar God onvoorwaardelijk van houdt. <br>\nAls wij zo naar anderen kijken zal dat zeker iets doen met de manier waarop wij met hen omgaan. Ons doen en laten wordt dan niet langer bepaald door emoties maar door de relatie met onze Vader die ook hun Vader is. <br>\nTrouwens, als Jezus niet denkt in tegenstellingen zal hij ook niet bezig zijn met het verschil tussen platteland en stad. Dat klopt ook wel, want de stad van zijn hart, de Stad van Vrede, is volgens de Bijbel een stad met een rivier en heel veel groen. Het staat te lezen in Openbaring 22:1-2. <br>\nZo zie je maar, uiteindelijk zijn ook stad en platteland \u00e9\u00e9n!<\/p>\n\n\n\n<p>Ds. Mariska van Beusichem<\/p>\n\n\n\n<p><strong>\u2026Meeleven met elkaar<\/strong><br> Tijdens het bevolkingsonderzoek is bij Roelie van Urk borstkanker ontdekt. <br> Bij het verschijnen van dit kerkblad is de operatie achter de rug. Daarna wordt duidelijk welke behandelingen nodig zijn. Laten wij haar, Klaas, hun kinderen en kleinkinderen in ons gebed aan de Heer opdragen.<\/p>\n\n\n\n<p>Tijdens het gewone leven van alledag kunnen we zomaar overvallen worden door een verontrustend bericht. Op zo\u2019n moment worden we er weer bij bepaald hoe kwetsbaar we zijn. Hoe fijn is het dan te ervaren dat er mensen om je heen staan. Een kaartje of telefoontje doen zoveel goed. <br>\nDoor naar elkaar om te kijken laten we iets zien van de trouw van de Allerhoogste die geen mensenkind uit zijn handen laat vallen. <\/p>\n\n\n\n<p>Ds. Mariska van Beusichem<\/p>\n\n\n\n<p><strong>\u2026Bij de diensten<\/strong><br> Op twee diensten wil ik hier speciaal uw aandacht vestigen: Op 15 september wordt de startdienst van het nieuwe kerkelijke seizoen gehouden. Als thema is het jaarthema van de Protestantse Kerk gekozen: Een goed verhaal. Het zou fijn zijn velen van u te ontmoeten. Bij de slotdienst in juni zijn er adresstickers van de kerk uitgedeeld met het verzoek deze zomer een kaartje te sturen. Als u wilt weten of aan dat verzoek gehoor gegeven is mag u zeker niet ontbreken in startdienst!<\/p>\n\n\n\n<p>Op 22 september nemen wij afscheid van vier ambtsdragers die de gemeente de afgelopen jaren trouw en met grote inzet hebben gediend. Gelukkig worden en ook een aantal nieuwe ambtsdragers bevestigd. Wat fijn dat er telkens weer mensen zijn die het werk van de kerk ter hand willen nemen! Het is bemoedigend voor hen als veel gemeenteleden bij hun bevestiging aanwezig zijn. Het is natuurlijk ook mooi als velen bij het afscheid van de vertrekkende ouderlingen en diakenen zijn en zo hun dankbaarheid betuigen voor de inzet van deze ambtsdragers.<\/p>\n\n\n\n<p>Ds. Mariska van Beusichem<\/p>\n\n\n\n<p><strong>\u202670+ jarigen september<\/strong><br> 03-09  K. Jongman-Mondria<br> 07-09  A. Wieland-Feddes<br> 08-09  M. Nasser-Lont<br> 14-09  W. Mastebroek<br> 16-09  G. Janse- van den Boer<br> 19-09  J. Wondergem<\/p>\n\n\n\n<p>\u2026<strong>Collectes<\/strong><br> Kerk<br> zondag   16 juni  \u20ac   97,20<br> zondag   23 juni  \u20ac   64,10<br> zondag   30 juni  \u20ac 114,75<br> zondag     7 juli   \u20ac   31,40<br> zondag    14 juli  \u20ac   27,55<br> zondag    21 juli  \u20ac   36,20<br> zondag    28 juli  \u20ac   29,30 <br> zondag    4 aug.  \u20ac   61,35<br> zondag  11 aug.  \u20ac   95,20 <\/p>\n\n\n\n<p>Diaconie <br>\nzondag   16 juni  \u20ac 111,10 Werelddiaconaat<br>\nzondag   23 juni  \u20ac 122,00 Voedselbank<br>\nzondag   30 juni  \u20ac   83,30 ISEE<br>\nzondag     7 juli   \u20ac   54,90 Binnenlandsdiaconaat<br>\nzondag    14 juli  \u20ac   32,30 Diaconie<br>\nzondag    21 juli  \u20ac   40,80 Diaconie<br>\nzondag    28 juli  \u20ac   36,50 ISEE<br>\nzondag    4 aug.  \u20ac   43,30 Diaconie<br>\nzondag  11 aug.  \u20ac   68,50 Werelddiaconaat<\/p>\n\n\n\n<p><strong>\u2026Bloemengroet <\/strong><br> 07-07        Zeger Koene<br> 14-07        Klaas Dijkstra<br> 21-07        Klaas van Urk<br> 28-07       Martje en Sytze v.d.Meer<br> 04-08       Wil v.d.Vlekkert \/   Piet en Wieke v.d.Sar <br> 11-08        Anjo Geluk<br> 18-08       Johan en Fenny Woltinge<br> 25-08       Lousan Withaar<\/p>\n\n\n\n<p><strong>\u2026Kort verslag Kerkenraadsvergadering juni 2019<\/strong><br> Onze voorzitter, Wieke v.d. Sar opende de vergadering met het lezen van Ps. 121,  een pelgrimslied en een gedicht wat hierbij aansloot. Ds. Mariska v. Beusichem nam ons vervolgens mee in een bezinningsmoment. Ze las met ons lied 1350 uit het liedboek. Het is soms lastig om onder woorden te brengen wat God voor je betekent. M.b.v. dit lied kun je er misschien iets meer handen en voeten aan geven. <\/p>\n\n\n\n<p>Ds. Mariska vroeg aan ons om de tekst tot ons door te laten dringen. <br>\nVervolgens maakten we een rondje en elke aanwezige gaf een regel aan die hem\/haar aansprak of raakte. Hierna deelden we de zorg voor de gemeente met elkaar. <br>\nDe notulen van 20 mei werden besproken en goedgekeurd. Naar aanleiding van de notulen gaf Ds. Mariska een korte impressie van haar \u2018buiten op de bank\u2019- ervaringen. Ze heeft twee keer voor de vakantie de mogelijkheid gehad om buiten op de bank te zitten en met mensen die langs kwamen, in gesprek te gaan. Ze gaf aan dat het leuke gesprekken waren geweest. Na de vakantie gaat ze hiermee verder. Bij de ingekomen stukken hebben we het onder meer gehad over het publiceren van een financieel verslag op de site. Er is een makkelijkere manier aangedragen om de publicatie uit te voeren. Het CVK gaat hiermee aan de slag. <br>\nOok krijgen we regelmatig stukken te lezen rondom de aanpassingen in de Kerkorde. Hier moet de kerkenraad zich stap voor stap over uitspreken. Het overleg met Creil\/Espel blijft een terugkerend agendapunt. Via het extra ingelaste informatie-moment in juni is u hier meer over verteld. De aandachtspunten die er toen werden genoemd , neemt de kerkenraad mee in het volgende overleg. Vervolgens hebben we het gehad over de bezetting van de kerkenraad. We hebben geconstateerd dat het moeilijk is om nieuwe ambtsdragers te vinden. We hebben uitgezocht wat in ieder geval het minimum aantal kerkenraadsleden moet zijn. <br>\nNa de vakantieperiode gaan we ons hier verder in verdiepen. Achter de schermen is er hard gewerkt aan een nieuw Jaarboek en een nieuw Beleidsplan. In september zal dit besproken worden in de kerkenraad en aansluitend met U worden gedeeld. <br>\nOnder het kopje mededelingen werd benoemd dat de werkgroep Groene Kerk voor het eerst bij elkaar is geweest. <br>\nOok is er ondertussen een AED geplaatst aan de muur van de kerk in samenwerking met Dorpsbelang.<br>\nAndries Post sloot vervolgens de vergadering af met het lezen van een Pinkstergebed.<\/p>\n\n\n\n<p>Marianne Leune-van Giesen, scriba Protestantse Gemeente Nagele.<\/p>\n\n\n\n<p><strong>\u2026Bezetting kerkenraad<\/strong><br> De kerkenraad kan u mededelen dat er in de afgelopen maanden gemeenteleden bereid zijn gevonden om plaats te nemen in de kerkenraad.<\/p>\n\n\n\n<p>Janny Bunschoten    Ouderling Voorzitter<br>\nKees v.d. Sar    Ouderling Kerkrentmeester<br>\nIna Hospers        Diaken<br>\nJohn Mallie        Diaken<\/p>\n\n\n\n<p>Indien u bezwaar of twijfels heeft kunt u dit tot uiterlijk vrijdag 20 september bij de kerkenraad aangeven. Dat kan via de mail of mondeling bij een kerkenraadslid.<\/p>\n\n\n\n<p>Op zondag 22-09-2019 zal de bevestigingsdienst zijn.<\/p>\n\n\n\n<p>Marianne Leune<br>\nscriba@pkn-nagele.nl<\/p>\n\n\n\n<p><strong>\u2026Ambtsdragers in de eredienst<\/strong><br> In de afgelopen 2 maanden hadden er op zondag steeds 2 ambtsdragers dienst, dit i.v.m. de zomervakantie.<br> Omdat nog niet alle vacatures binnen de kerkenraad zijn ingevuld, hebben we besloten dit voorlopig te blijven voortzetten, dus bij elke viering op zondag 2 ambtsdragers die dienst hebben (behalve bij het H.A.).<\/p>\n\n\n\n<p>Namens de kerkenraad,<br>\nWieke van der Sar <\/p>\n\n\n\n<p><strong>\u202614-15 September: Open Monumentendag in Noordoostpolder<\/strong><\/p>\n\n\n\n<p>Dit jaar willen we weer meewerken aan het Monumentenweekend<br>\ndoor het openstellen van onze kerk op zaterdag 14 en zondag 15 September.<br>\nEen unieke kans om het erfgoed in de Noordoostpolder te bezoeken.<br>\nHet orgel zal bespeeld worden door onze organisten.<br>\nBeide dagen zal de kerk van 11.00 tot 17.00 uur open zijn.<br>\nHiervoor zoeken we een paar gastdames en of heren om het publiek te kunnen ontvangen<br>\nmet uitleg en een kopje koffie\/thee.<br>\nEr zal een lijst achterin de kerk hangen of geef je op bij een van ons.<\/p>\n\n\n\n<p>Marian Sijtsma<br>\nMarjan van der Sar<\/p>\n\n\n\n<p><strong>\u2026C.V.N.<\/strong><br> Woensdag 11 september is het weer <br> de \u00e9\u00e9rste afdelingsavond van dit nieuwe<br> seizoen. Maria Jansen uit Rutten geeft<br> een presentatie met dia,s over <br> straatkinderen in Indonesi\u00eb<br> We beginnen om 20.00 uur in De Ruimte.<\/p>\n\n\n\n<p>Iedereen is van harte welkom!<\/p>\n\n\n\n<p>Namens het bestuur,  <br>\nMartje van der Meer<\/p>\n\n\n\n<p>\u2026<strong>Kindernevendienst<\/strong><br> Zoal u al hebt kunnen lezen in het kerkblad van juli\/augustus gaan we vanaf zondag 1 september  een tafel achter in de kerk zetten, waar de kinderen tijdens de preek kunnen knutselen of een kleurplaat kunnen maken.<br> We hebben gelukkig een aantal gemeenteleden bereid gevonden om bij de kinderen te zitten. Mocht u denken: \u2018 Dat wil ik ook wel\u2019 , dan kunt u dat aan mij door geven. <br> We hopen zo de kinderen toch op een fijne manier bij de kerkdienst te betrekken.<\/p>\n\n\n\n<p>Ineke Bolijn<\/p>\n\n\n\n<p>\u2026<strong>Bijbelleesrooster<\/strong><br> Wat lezen we vandaag?<\/p>\n\n\n\n<p>zondag    1 september Lucas 14:1-11<br>\nmaandag 2 september Lucas 14:12-24<br>\ndinsdag 3 september 1 Samuel 14:36-46<br>\nwoensdag 4 september 1 Samuel 14:47-52<br>\ndonderdag 5 september 1 Samuel 15:1-9<br>\nvrijdag 6 september 1 Samuel 15:10-23<br>\nzaterdag 7 september 1 Samuel 15:24-35<br>\nzondag    8 september 1 Samuel 16:1-13<br>\nmaandag 9 september 1 Samuel 16:14-23<br>\ndinsdag 10 september 1 Samuel 17:1-11<br>\nwoensdag 11 september 1 Samuel 17:12-30<br>\ndonderdag 12 september 1 Samuel 17:31-40<br>\nvrijdag 13 september 1 Samuel 17:41-54<br>\nzaterdag 14 september 1 Samuel 17:55-18:5<br>\nzondag    15 september 1 Samuel 18:6-16<br>\nmaandag 16 september 1 Samuel 18:17-30<br>\ndinsdag 17 september Lucas 14:25-35<br>\nwoensdag 18 september Lucas 15:1-10<br>\ndonderdag 19 september Lucas 15:11-32<br>\nvrijdag 20 september Lucas 16:1-9<br>\nzaterdag 21 september Lucas 16:10-18<br>\nzondag    22 september 1 Samuel 19:1-17<br>\nmaandag 23 september  1 Samuel 19:18-24<br>\ndinsdag  24 september 1 Samuel 20:1-11a<br>\nwoensdag 25 september 1 Samuel 20:11b-23<br>\ndonderdag 26 september 1 Samuel 20:24-21:1<br>\nvrijdag 27 september Lucas 16:19-31<br>\nzaterdag 28 september Lucas 17:1-10<br>\nzondag    29 september 1 Samuel 21:2-10<br>\nmaandag 30 september 1 Samuel 21:11-22:5<\/p>\n\n\n\n<p><strong>Kerkdiensten<\/strong><\/p>\n\n\n\n<p><strong> Zondag 8 september 9:30 uur<\/strong><br> Kand. Mw. Melania Hadnagy (Hattem)<br> Eerste collecte: Jeugdwerk<br> Kliederen in de kerk <br> Op zondag 8 september is de collecte bestemd voor het jeugdwerk van de Protestantse Kerk. Op meer dan 150 plaatsen in Nederland wordt regelmatig Kliederkerk georganiseerd. Kliederkerk is een creatieve, missionaire vorm van kerk-z\u0133n voor mensen van alle leeft\u0133den, maar speciaal gericht op gezinnen. Jong en oud gaan samen op verrassende manieren aan de slag met een b\u0133belverhaal. In Kliederkerk kun je echt jezelf zijn: samen zingen, creatief bezig zijn, bidden en eten met elkaar. JOP, Jong Protestant, ondersteunt lokale Kliederkerken onder meer met heldere handleidingen, netwerkb\u0133eenkomsten en programmamateriaal. <br> Steun het werk van JOP, zodat nog meer kinderen en jongeren op een aantrekkelijke en betrokken wijze het geloof kunnen ontdekken.<br> Tweede collecte: Kerk<\/p>\n\n\n\n<p><strong>Zondag 15 september 9:30 uur<\/strong><br> <em>Startdienst<\/em><br> Ds. M. van Beusichem (Hattem)<br> Eerste collecte:  Diaconie<br> Tweede collecte: Kerk<\/p>\n\n\n\n<p><strong>Zondag 22 september 9.30 uur<\/strong><br><em> Bevestiging van Ambtsdragers<\/em><br> Ds. M. van Beusichem (Hattem)<br> Eerste collecte: Vrede verbindt over grenzen<br> De Protestantse Kerk, Kerk in Actie en PAX ondersteunen initiatieven voor vrede over landsgrenzen heen, maar ook over grenzen van cultuur en religie heen. Zo werken in Colombia vrouwel\u0133ke leiders uit verschillende kerkgenootschappen samen aan vredesopbouw na een jarenlang gewapend con\ufb02ict. In Nederland is er steun voor de Stichting Geloven in Samenleven, die lokaal werkt aan het verbinden van mensen van verschillende religies en het voorkomen van con\ufb02icten. In Kosovo ondersteunt PAX de lokale organisatie Gemeenschapsopbouw Mitrovica waarin Albanezen en Servi\u00ebrs elkaar de hand weer reiken in training, scholing en gezamenl\u0133ke bedr\u0133fjes. <br> Met uw bijdrage steunt u het vredeswerk van <br> de Protestantse Kerk. <br> Helpt u mee om deze collecte tot een succes te maken? <br> Tweede collecte: kerk <\/p>\n\n\n\n<p><strong>Zondag 29 september 9.30 uur<\/strong><br> Ds. G. Timmer (Ens)<br> Eerste collecte: ISEE<br> De collecte voor ISEE is bestemd voor een visserijproject: \u201cHet Fincha  Reservoir Fisheries Development Phasing Out Project\u201d.  Het Fincha Reservoir  ligt in het westen van Ethiopi\u00eb, ongeveer 275 km van Addis Abeba. De vissersco\u00f6peratie (De Gudeta Diga Fisheries Cooperative Association) en de \u201cWomen\u201dgroep worden begeleid, met als doel:  <\/p>\n\n\n\n<ul class=\"wp-block-list\"><li>een levensvatbare vissersco\u00f6peratie, met een beter management<\/li><li>een hogere visproductie en een betere viskwaliteit<\/li><li>de vrouwengroep gaat verder op eigen kracht<br>\nConcreet betekent dit o.a. het volgende: <br>\n\u2022    er is een diepvries werkend op zonne-energie geplaatst, waar de vis gelijk na vangst kan worden opgeslagen<br>\n\u2022    er zijn twee viswinkels gevestigd en er is een visrestaurant geopend<br>\n\u2022    vissers leren hun eigen netten en materialen te produceren.<br>\nWij bevelen deze collecte van harte bij u aan.<br>\nTweede collecte: Kerk<\/li><\/ul>\n\n\n\n<p><strong>Zondag 6 oktober 9.30 uur<\/strong><br> Ds. M. van Beusichem (Hattem)<br> Eerste collecte: Kerk en Isra\u00ebl <br> Leren door ontmoeting en dialoog<br> De relatie met het Joodse volk en het jodendom is voor de Protestantse Kerk in Nederland een essentieel element van de eigen identiteit. De Protestantse Kerk onderstreept de verbondenheid met het Joodse volk. Het gesprek in plaatselijke gemeenten met en over onze Joodse wortels wordt gesteund met inspiratiematerialen, ontmoetingsdagen en het tijdschrift Kerk &amp; Isra\u00ebl Onderweg. In het internetproject \u2018De Uitdaging\u2019  worden christen uitgedaagd om lessen te leren uit de dialoog met joden en de eigen traditie met nieuwe ogen te bekijken.<br> Op 6 oktober, Isra\u00eblzondag, is de collecte bestemd voor het werk van Kerk &amp; Isra\u00ebl. <br> Tweede collecte: Kerk<\/p>\n\n\n\n<p><strong>Colofon<\/strong><br> Kerkblad van de Protestantse Gemeente Nagele, twee\u00ebntwintigste jaargang, nummer 112, september 2019, totaal nummer 242. <br> Redactie: Willy Boogaard, Elma van der Sar Voorkant: Hans Lamse. <br> Het kerkblad voor oktober ligt <br> 6 oktober in de kerk. De kopij kan tot zondag 30 september 19.00 uur ingeleverd worden. <br> Dat kan op Noorderlaan 5 of per email: kerknieuws@pkn-nagele.nl.<br> Predikant: Ds. Mariska van Beusichem<br> t: 06-23165797 e-mail: predikant@pkn-nagele.nl<br> Scriba: Marianne Leune, t: 0527- 652486 <br> e-mail: scriba@pkn-nagele.nl<br> Ledenadministratie: Wil van den Vlekkert. e-mail: leden@pkn-nagele.nl<br> Tel. nr. kerk: 0527-652571<\/p>\n","protected":false},"excerpt":{"rendered":"<p>Om gelijkmoedigheid Maak mijn hart een oase van stilte, maak mijn lichaam een tempel van rust, maak mijn geest een onbeschreven blad, maak mijn ziel een spiegel van licht. Maak mijn mond zonder oordeel, maak mijn ogen onthecht, maak mijn oren tot horen bereid. Dat ik leer staan met lege<\/p>\n","protected":false},"author":2,"featured_media":0,"comment_status":"closed","ping_status":"closed","sticky":false,"template":"","format":"standard","meta":{"footnotes":""},"categories":[4,162],"tags":[],"class_list":["post-2211","post","type-post","status-publish","format-standard","hentry","category-kerknieuws","category-kerknieuws-2019"],"_links":{"self":[{"href":"https:\/\/www.pkn-nagele.nl\/index.php?rest_route=\/wp\/v2\/posts\/2211","targetHints":{"allow":["GET"]}}],"collection":[{"href":"https:\/\/www.pkn-nagele.nl\/index.php?rest_route=\/wp\/v2\/posts"}],"about":[{"href":"https:\/\/www.pkn-nagele.nl\/index.php?rest_route=\/wp\/v2\/types\/post"}],"author":[{"embeddable":true,"href":"https:\/\/www.pkn-nagele.nl\/index.php?rest_route=\/wp\/v2\/users\/2"}],"replies":[{"embeddable":true,"href":"https:\/\/www.pkn-nagele.nl\/index.php?rest_route=%2Fwp%2Fv2%2Fcomments&post=2211"}],"version-history":[{"count":1,"href":"https:\/\/www.pkn-nagele.nl\/index.php?rest_route=\/wp\/v2\/posts\/2211\/revisions"}],"predecessor-version":[{"id":2212,"href":"https:\/\/www.pkn-nagele.nl\/index.php?rest_route=\/wp\/v2\/posts\/2211\/revisions\/2212"}],"wp:attachment":[{"href":"https:\/\/www.pkn-nagele.nl\/index.php?rest_route=%2Fwp%2Fv2%2Fmedia&parent=2211"}],"wp:term":[{"taxonomy":"category","embeddable":true,"href":"https:\/\/www.pkn-nagele.nl\/index.php?rest_route=%2Fwp%2Fv2%2Fcategories&post=2211"},{"taxonomy":"post_tag","embeddable":true,"href":"https:\/\/www.pkn-nagele.nl\/index.php?rest_route=%2Fwp%2Fv2%2Ftags&post=2211"}],"curies":[{"name":"wp","href":"https:\/\/api.w.org\/{rel}","templated":true}]}}