{"id":1462,"date":"2015-12-01T10:03:45","date_gmt":"2015-12-01T10:03:45","guid":{"rendered":"http:\/\/www.pkn-nagele.nl\/?p=1462"},"modified":"2026-02-16T13:39:24","modified_gmt":"2026-02-16T12:39:24","slug":"kerknieuws-december-2015","status":"publish","type":"post","link":"https:\/\/www.pkn-nagele.nl\/?p=1462","title":{"rendered":"Kerknieuws december 2015"},"content":{"rendered":"<p><a href=\"https:\/\/drive.google.com\/file\/d\/0B6lsS6vjlL35M1BlQ3NpYXcxb1E\/view?usp=sharing\" target=\"_blank\">Printversie kerknieuws december 2015<\/a><\/p>\n<p><strong>Een nieuw adventslied<\/strong><br \/>\n<em>Ik geloof in mijn God als de kracht,<br \/>\nDie het licht ontsteekt, waar het duister is,<br \/>\nDie weer glans aanbrengt, waar geen luister is,<br \/>\nDie een vuurvlam is in de nacht.<br \/>\nIk geloof in mijn God als de bron,<br \/>\nVan waaruit alles leeft wat geboren is,<br \/>\nDie weer thuisbrengt wat ooit hier verloren is,<br \/>\nDie het woord sprak, waarmee het begon.<br \/>\nIk geloof in mijn God als het doel<br \/>\nVan de voeten die hier op aarde staan,<br \/>\nVan de dromen die door alle landen gaan,<br \/>\nVan de zoektochten van het gevoel.<br \/>\nIk geloof in mijn God als de stem,<br \/>\nDie de wereld naar toekomst en vrede leidt<br \/>\nEn de globalisering, zo lang verbeid,<br \/>\nVan geloof, hoop en liefde door Hem.<\/em><\/p>\n<p>door Alfred C. Bronswijk<\/p>\n<p><strong>\u2026 Om te beginnen<br \/>\n<\/strong>Weet u het nog, de eerste twee dagen van November waren heel erg mistig.<br \/>\nIk houd niet van mist. Op een dag was ik op weg naar Friesland en moest dus naar de Hannie Schaftweg om op de A6 te komen.<br \/>\nToen was het ook erg mistig en op de Nagelerweg had ik al het idee dat ik verdwaald was.<br \/>\nWaar was toch die afslag? Was ik  er al voorbij? Ik had totaal geen idee waar ik was. Ik wist dat ik ergens naar op weg was. Dat op die mistige, donkere weg ooit iets zou komen, die afslag of desnoods de kruising met de Amsterdamweg in Emmeloord. Ik was onzeker, misschien zelfs wel bang voor waar ik was en wat er zou komen.<br \/>\nMist heeft een beangstigend effect. Je kunt niets zien. Maar je weet dat je op weg bent naar een bestemming die nog niet zichtbaar is. Naar een plek waar het warm is, waar het licht brandt. Verlangend kijk je er naar uit om ergens aan te komen. Ergens waar jij verwacht heen te gaan, ergens waar op jou wordt gewacht.<br \/>\nDe wereld waarin wij leven roept ook heel veel vragen op, er gebeuren vreselijke dingen en daar kunnen we heel onzeker van worden, angstig misschien ook wel.<br \/>\nHet vraagt iets van ons, in de mist moeten we extra goed opletten en onze snelheid aanpassen.<br \/>\nIn deze wereld mogen we de hoop niet verliezen, we kunnen een lichtend vuur zijn door de dingen die we doen. Martin Luther King heeft het heel mooi gezegd: \u201dDuisternis kan geen duisternis verdrijven, enkel het licht is daartoe in staat. Haat kan geen haat verdrijven, enkel de liefde is daartoe in staat.\u201c<\/p>\n<p>Als alles duister is<br \/>\nontsteek dan een lichtend vuur dat nooit meer dooft,<br \/>\neen vuur dat nooit meer dooft.<\/p>\n<p>In onze duisternis<br \/>\nOntsteek, Heer, een vuur<br \/>\nDat nooit meer doven zal<br \/>\nNooit meer doven zal<br \/>\nHet is Advent, we zijn op weg naar Kerst en we mogen weten dat in Bethlehem een Kind geboren is. een licht dat schijnt voor alle volken als woord dat sterker is dan alle machten.<br \/>\nGezegende Kerstdagen gewenst.<\/p>\n<p>Annie Reitsema<\/p>\n<p><strong>\u2026Meditatie \u201cWees niet bang\u2026\u201d (Lucas 1-2) <\/strong><br \/>\nIn de verhalen rond de geboorte van Jezus lezen we meer dan \u00e9\u00e9n keer over twee concurrerende emoties: angst en vreugde. De priester Zacharias brengt een reukoffer in de tempel en ziet een engel naast het altaar staan. Angst overvalt hem. Een jonge vrouw die is uitgehuwelijkt aan een man die Jozef heet, wordt in haar huis aangesproken door een engel. Haar reactie is hevige schrik. Herders houden in het holst van de nacht de wacht over hun kudde als zij plotseling omstraald worden door een stralend licht. Ze schrikken zich kapot. Even zo vaak lezen we in de verhalen over vreugde. Zacharias krijgt van de engel te horen dat hem grote vreugde ten deel zal vallen. De jonge vrouw brengt een bezoek aan haar tante en voelt het kind dat ze inmiddels in haar schoot draagt opspringen van vreugde. En de herders in het open veld wordt grote vreugde aangezegd, waarover we lezen als zij het kind in de voederbak hebben gevonden.<br \/>\nAngst en vreugde. Beide emoties strijden deze Advents- en Kersttijd om voorrang in ons gemoed. We voelen de angst om de onstabiele situatie in de wereld. Dagelijks stromen berichten over aanslagen en bloedvergieten onze huiskamers binnen. De tijden veranderen. En verandering geeft onzekerheid. Angst. Tegelijkertijd vieren we deze maand het Kerstfeest, de geboorte van Gods Zoon met de naam Jezus. De naam die betekent \u2018God redt\u2019. God vervult in dit kind zijn eerde gedane beloften van heil: Hij brengt recht en gerechtigheid. Dat vervult een mens met blijdschap. Want ieder mensenhart, ja wij allemaal snakken naar recht en gerechtigheid.<br \/>\nIn de Bijbelverhalen die we deze weken in de erediensten lezen horen we driemaal klinken, als een boodschap uit de hemel: \u201cWees niet bang.\u201d Je kunt je afvragen: Hoezo? Mag een mens dan geen angst hebben voor ingrijpende veranderingen? Worden Zacharias, Maria en de herders niet een beetje als kleine kinderen behandeld, met als het ware een aai over de bol?<br \/>\nAlle drie de keren wordt in de originele griekse taal waarin de bijbelverhalen geschreven zijn een woord voor \u2018angst\u2019 gebruikt, dat verwant is met ons woord \u2018fobie\u2019. We weten allemaal wat een fobie is: het is niet ergens een beetje bang voor zijn, het is een overmatige angst, waar niet direct aanleiding voor is. Het is een paniekerige angst, een angst die je zo in de greep kan krijgen, dat het je helemaal beheerst. In de griekse mythologie is Phobos de god van de angst. Veelzeggend is dat zijn tweelingbroer Deimos, de god is van de paniek.<br \/>\nDat doet een ander licht op de Bijbelverhalen vallen. De uitspraak \u2018Wees niet bang\u2019 is daarmee zeker geen aai over de bol, maar de hemelse raadgeving bewust te kiezen t\u00e9gen de angst en v\u00f3\u00f3r het vertrouwen. Dat je bewust niet de angst over je gevoelsleven laat heersen, maar het vertrouwen in Gods goedheid. Dat Hij recht en gerechtigheid z\u00e1l brengen. Dat is wat de betrokkenen in de Advents- en Kerstverhalen uiteindelijk doet zingen van geluk.<br \/>\nVoor ons, in deze tijd dat er zoveel angst en paniek in de wereld gezaaid wordt, is de hemelse raadgeving hoogst actueel.<br \/>\nMet de oproep niet bang te zijn laten we ons bewust niet regeren door de angst, maar richten we onze harten op Gods leiding in de geschiedenis, die heeft geleid tot de geboorte van Jezus Christus. Aan Hem vertrouwen we ons toe.<\/p>\n<p><strong>\u2026 Bij de diensten<\/strong><br \/>\nTijdens de Adventszondagen doorlopen de kinderen van de Kindernevendienst het Adventsproject \u2018Hemelse boodschappen\u2019. De hemelse boodschapper Gabri\u00ebl \u2013 zijn naam betekent \u2018gabber\u2019 of vriend van God\u2019 \u2013 komt een nieuwe toekomst aanzeggen met de aankondiging van nieuw leven. V\u00f3\u00f3r in de kerk staat een drieluik met afbeeldingen van Zacharias, de engel, Maria en Elisabet. Verder speelt een gekleurde doos een terugkerende rol, om de hemelse boodschappen aan de kinderen over te brengen.<br \/>\nDonderdagavond 24 december vieren we met elkaar de Kerstnachtdienst. Een deel van onze eigen brassband \u2018de Zeeschelp\u2019 luistert de dienst muzikaal op. Tijdens de dienst is er alle ruimte om bekende Kerstliederen te zingen. Het Kerstverhaal staat natuurlijk centraal, op zo een manier dat het in onze tijd betekenis krijgt. Neem gerust buren en kennissen mee, de kerk is deze avond d\u00e9 ontmoetingsplek voor heel het dorp.<br \/>\nDe dienst in de ochtend van Eerste Kerstdag is zoals we gewend zijn een gezinsdienst voor jong en oud. Een groep gemeenteleden geeft deze ochtend het Kerstverhaal vanuit een verrassend gezichtspunt handen en voeten.<br \/>\nOp Oudejaarsdag komen we in de avond om 19.30u  bijeen om het kalenderjaar 2015 met elkaar af te sluiten. Op de overgang naar het nieuwe jaar vertrouwen we ons zo toe aan God de Heer.<\/p>\n<p>Zondag 3 januari zien we elkaar dan weer om de gewone zondagse dienst te vieren en elkaar Gods zegen toe te wensen voor het nieuwe jaar.   <\/p>\n<p><strong>\u2026Meeleven<\/strong><br \/>\nHalf november maakte onze br. Troost (Raamstraat 39 Emmeloord) een val in zijn huis. Hij werd met een breuk bij de heup opgenomen in Lelystad. Een dag later verliep een operatie goed en na een week werd hij verplaatst naar De Schakel in Emmeloord om te revalideren. Op zijn leeftijd zal dit zeker enig doorzettingsvermogen vergen. We wensen hem Gods nabijheid daarbij toe.<\/p>\n<p><strong>\u2026Pastorale organisatie<\/strong><br \/>\nHalf oktober hebben we tijdens een gemeenteavond onder leiding van gemeenteadviseur Tineke Klei nagedacht over onze pastorale organisatie. Op deze wijze hebben wij het functioneren van onze werkwijze met ouderlingenwijken en bezoekmedewerkers tegen het licht gehouden. De historische schets hoe het pastoraat in verschillende tijdsperioden werd benaderd was zeer verhelderend. De verschillende manieren waarop je vervolgens het pastoraat kunt organiseren bood zeker enige bruikbare idee\u00ebn voor onze gemeente. In de groepsgesprekken was de belangrijkste uitkomst toch wel dat wat we hebben, we graag willen behouden. Tegelijkertijd ligt er ruimte om aanvullend wat nieuwe dingen op te pakken. Vanuit de Pastorale Raad is eerst begonnen nieuwe wijkmedewerkers te gaan werven. Uit de bezinningsavond is het idee opgekomen daarbij de mogelijkheid te openen voor \u2018straatcontact\u2019, iemand die liever niet een wijk maar wel bijvoorbeeld zijn of haar eigen straat onder zijn\/haar hoede wil nemen. Deze wervingscampagne heeft resultaat gehad.<br \/>\nWe zijn ontzettend blij in ieder geval al 3 nieuwe wijkmedewerkers en 1 straatcontact te hebben gevonden. Wanneer de nieuwe indeling helemaal rond is dan wordt dit in Kerknieuws natuurlijk zo snel mogelijk bekend gemaakt.     <\/p>\n<p><strong>\u2026Uit het dorpskerkenoverleg<\/strong><br \/>\nJaarlijks organiseert het dorpskerkenoverleg een avond voor alle ambtsdragers van de deelnemende gemeenten. Eind oktober werd deze in Marknesse gehouden rond het thema \u2018Hoe kunnen we kerkenraad zijn vandaag de dag?\u2019 Achter dit thema gaat de problematiek schuil van de kerkenraden, die moeite hebben vacatures te vervullen en aan de kerkordelijk vastgelegde verantwoordelijkheden te voldoen. Onze gemeenteadviseur Tineke Klei heeft uitvoerig geschetst waar die verantwoordelijkheden liggen en wat de minimale vereisten zijn om een kerkenraad te kunnen vormen. In kleine groepjes konden de ambtsdragers elkaar vervolgens ontmoeten en ervaringen uitwisselen. De avond gaf voor onze gemeente enige handreikingen, waar in moderamen en kerkenraad verder over is doorgesproken.<br \/>\nIn deze uitgave van Kerknieuws is ook weer een artikel te vinden van een buur-predikant, waarin beschreven wordt hoe in deze dorpsgemeente het jaarthema \u2018Goede Buren\u2019 benaderd en uitgewerkt wordt. <\/p>\n<p><strong>\u2026 Uit de classis Flevoland<\/strong><br \/>\nIedere classicale vergadering kent een inhoudelijk onderwerp dat uitgediept en nader besproken wordt. In de novembervergadering was dr. De Jong uitgenodigd om als Bijbelwetenschapper te vertellen over zijn betrokkenheid bij de uitgave van de Bijbel in Gewone Taal. Op heel heldere wijze legde hij het vertaalproces uit, dat gekenmerkt werd door het overbrengen van betekenis en niet \u00e9\u00e9n op \u00e9\u00e9n het vertalen van losse woorden. Dit verklaard de verschillen die ontstaan zijn in vergelijking met andere Bijbelvertalingen. De leesbaarheid en duidelijkheid waren aldus leidend. Met aansprekende voorbeelden werden de afgevaardigden meegenomen in dit vertaalproces. Na de inleiding werd doorgesproken over de bruikbaarheid in erediensten en voor thuisgebruik.<br \/>\nIn de classicale vergaderingen komen verder altijd actuele kerkelijke aangelegenheden aan bod, waarvan ik dit keer er \u00e9\u00e9n wil noemen. De nota \u2018Kerk 2025: Waar een Woord is, is een weg\u2019 is onlangs in de synode besproken en zal volgend jaar terugkeren op de synodevergadering. Het rapport schetst een visie op het beleid van de kerk voor de komende jaren. Sommige voorgestelde beleidslijnen zijn breed in de media geweest. Een voorbeeld daarvan is de aanstelling van \u2018bisschoppen\u2019, die de kerk regionaal en landelijk zouden kunnen vertegenwoordigen. Een ander voorbeeld is het laten ontstaan van \u2018witte plekken\u2019, dat wil zeggen gebieden waar de Protestantse Kerk door een minimaal aantal leden niet meer een actieve kerkgemeenschap heeft. En tenslotte het voorstel de Classis als schakel tussen de landelijke organisatie en de plaatselijke gemeenten af te schaffen, met als doel de vergaderdruk te doen afnemen. Deze beleidslijnen hebben indirect best gevolgen, ook voor onze gemeente. In onze eigen kerkenraad hebben wij daarom besloten dit rapport begin volgend jaar te gaan bestuderen om er gedegen op te kunnen reageren.   <\/p>\n<p><strong>&#8230;The Bible Box<\/strong><br \/>\nMisschien is het je al opgevallen: er hangt in de hal van de kerk een houten doos met daarin kleine bijbeltjes. Ik kwam in contact met de Bijbelvereniging die voorheen bekend stonden als de Gideons. Zij leggen Bijbels in o.a. hotels en ziekenhuizen voor iedereen die maar ge\u00efnteresseerd is. Ook onze kerk heeft nu een Bible Box gekregen, waarin 80 Bijbels (alleen Nieuwe Testament) liggen in 5 verschillende talen: Nederlands, Engels, Pools, Frans en Arabisch. De bijbeltjes zijn bestemd voor wie zo de kerk binnenlopen of om door te geven aan iemand die daar interesse voor zou kunnen hebben. Twee Poolse bijbeltjes vinden al hun weg\u2026  <\/p>\n<p><strong>\u2026Ontmoetingskring Geloven.nu<\/strong><br \/>\nOntmoetingskring \u2018Geloven.nu\u2019 komt maandelijks samen om elkaar te ontmoeten rond de Bijbel en het gewone dagelijks leven. Dit seizoen gebruiken we het boekje \u2018Struikelen over God\u2019 als leidraad. We komen donderdag 3 december bijeen bij Cock (Sluitgatweg 17). We beginnen om 20.00u en sluiten rond 21.45u af. Voor meer info kun je contact opnemen met Cock Francke (06-53291812).<\/p>\n<p><strong>\u2026Kostbare tijd<\/strong><br \/>\nTijdens de dienst op de laatste zondag van het kerkelijk jaar heb ik vlak voor de herdenking van de overledenen een tekst voorgedragen onder de titel \u2018Kostbare tijd\u2019. Na de dienst hebben verschillende mensen mij gevraagd om deze tekst. Van niet iedereen weet ik dat meer. Heb je het dus nog niet gekregen, neem dan even contact met mij op. <\/p>\n<p><strong>\u2026Tenslotte<\/strong><br \/>\nMijn werkdagen zijn \u2018s maandags, dinsdags en donderdags. Op deze dagen ben ik zoveel mogelijk in het dorp en beschikbaar voor gesprek en overleg. Telefonisch ben ik deze dagen het beste bereikbaar tussen 9.00-9.30 uur en 13.30-14.00 uur (in de kerk 652571 of anders 038-3374368). Buiten deze tijden is het ook te proberen. Heeft u\/jij behoefte aan gesprek of iets te melden, neem gerust contact op.  <\/p>\n<p>Een hartelijke groet,<br \/>\nds. Gerlof van Rheenen<\/p>\n<p><strong>\u2026 Agenda<\/strong><br \/>\n3 dec. 20.00 Sluitgatweg 17 Geloven.nu<br \/>\n7 dec. 19.30u SOW-kerk Moderamen<\/p>\n<p><strong>\u2026Bloemengroet<\/strong><br \/>\n1 november: Hans Steverink<br \/>\n8 november: Fam de Berg.<br \/>\n15 november: Nel de With.<br \/>\n22 november: Ineke Kuipers.<br \/>\n29 november: Marian van Maanen.<\/p>\n<p><strong>&#8230;.70+ jarigen december<\/strong><br \/>\n14-12  J.A. Janse, Wendakker 3<br \/>\n24-12  J.K. Doornbos, Johannes Postweg 12<\/p>\n<p><strong>&#8230;.Mutaties<\/strong><br \/>\nOvergeschreven:<br \/>\nNaar de Protestantse gemeente te Emmeloord,<br \/>\nmevr. W. Keuper, Havenweg 8 i.v.m. verhuizing<br \/>\nnaar Zeeasterstraat 27B Emmeloord<\/p>\n<p><strong>Nieuw ingekomenen:<\/strong><br \/>\nDhr. W.A. de Berg en mevr. D.S. Kastaneer,<br \/>\nLucernehof 54, met hun kinderen Daryan\u00e9,<br \/>\nCian en Leendert<\/p>\n<p><strong>\u2026Kort verslag van de kerkenraadsvergadering van maandag 16 november 2015.<\/strong><br \/>\nOnze voorzitter heette een voltallige kerkenraad welkom om 8 uur \u2019s avonds. Met het bezinningsmoment leest Ds. Gerlof van Rheenen een tekst voor, geschreven door Arjan Plaisier, de scriba van de PKN. Deze tekst gaat over de verschrikkingen in Parijs op vrijdag 13 november. We praten hier met z\u2019n allen over door. Hierna gaat Ds. Gerlof van Rheenen ons voor in gebed. De zorg over gemeenteleden en dorpsgenoten wordt gedeeld. De notulen van de vergadering van 19 oktober worden doorgenomen. Het deel gaan nemen aan Kerkdienstgemist.nl wordt besproken. Het is moeilijk van te voren te bedenken hoeveel mensen hiervan gebruik gaan maken in ons dorp. Het heeft een meerwaarde dat ook rouw en trouwdiensten op afstand gevolgd kunnen worden. De kerkenraad geeft zijn akkoord aan het College van Kerkrentmeesters om te gaan regelen dat onze kerkdiensten ook te volgen zijn op <a href=\"http:\/\/www.kerkdienstgemist.nl\" target=\"_blank\">www.kerkdienstgemist.nl<\/a>.<br \/>\nIn overleg met de redactie van Nagelezen worden de aanvangstijden van de kerkdiensten ook vermeld in Nagelezen.<br \/>\nDe afgelopen weken hebben we 2 bijzondere diensten gehad: op 25 oktober het Morgengebed en op 1 november de anders-dan-anders dienst. Het is goed om te evalueren hoe de diensten zijn verlopen. Volgend jaar worden beide diensten weer ingepland. Maar de diensten zijn waarschijnlijk anders dan de eerste keer.<br \/>\nEind oktober is in Marknesse een ambtsdragersavond geweest. Deze avond was georganiseerd door het Dorpskerkenoverleg en was voor alle kerkenraadsleden van de dorpen van de Noordoostpolder. Op deze avond werd gesproken over de kerkordelijke regels. Deze zijn van belang om te bepalen uit hoeveel leden de kerkenraad moet bestaan, hoeveel leden moeten aanwezig zijn bij een stemming etc etc. Het Dorpskerkenoverleg gaat een jeugdplatform opzetten. Van ieder dorp is een vertegenwoordiger aanwezig om te praten en zaken te regelen aangaande de jeugd. Corine de Vries heeft toegezegd dat ze hieraan wilt deelnemen namens Nagele.<br \/>\nDe notulen van de bezinningsavond over de pastorale zorg op 15 oktober worden besproken. De pastorale raad gaat hiermee verder aan de slag. Mooi om te melden is dat er 3 nieuwe wijkmedewerkers en 1 straatmedewerker zijn.<br \/>\nVia Andries Post(CVK) horen we dat volgend jaar de kerk wordt geschilderd. Ook wordt een voorzetraam geplaatst bij de consistorie i.v.m. tocht.<br \/>\nDs. Gerlof van Rheenen en Adri Leune vertellen over de Classisvergadering die ze bij gewoond hebben. Deze avond werd gesproken over de Bijbel in gewone taal en over de Synodevergadering. De PKN heeft een visie geschreven over de kerk op weg naar 2025. De titel is  \u2018waar een Woord is, is een weg\u2019. Deze visie is te vinden op de site van de PKN.<br \/>\nNa de rondvraag leest Trudie Duijff ons een gedicht voor over mededogen als afsluiting van de vergadering.<\/p>\n<p>Maja Hospers-de Groot,<br \/>\nScriba Protestantse Gemeente Nagele.<\/p>\n<p><strong>\u2026Advent en Kerst 2015<\/strong><br \/>\nBij de adventszondagen horen de adventskaarsen. Deze worden ontstoken, elke week een kaars er bij.<br \/>\nOok staan er dan weer liturgische bloemstukken op tafel. Wij werken dit jaar vanuit het boek van de Protestantse Kerk: de hemel raakt de aarde.<br \/>\nHet eerste stuk stond er op de laatste Zondag van het Kerkelijk Jaar: de Jacobsladder.<br \/>\nIn de adventstijd beleven we weken van verwachting, uitzien naar wat komen gaat. We horen over Zacharias en Elizabeth, over de engel Gabri\u00ebl die zowel bij Zacharias als bij Maria een boodschap van nieuw leven brengt.<br \/>\nMet Kerst lezen we het kerstevangelie, waarin de engelen aan de herders vertellen over het Kind van de Vrede. Het zijn allemaal momenten, waarop de hemel de aarde raakt.<br \/>\nWij willen d.m.v. onze liturgische schikkingen dit verhaal zichtbaar maken. Schikkingen vol symboliek, maar soms gewoon omdat het zo mooi is en passend bij deze tijd van het jaar.<br \/>\nElke week hoort er een tekst bij:<\/p>\n<p><strong>1e Advent:<\/strong><br \/>\nDe hemel raakt de aarde in de belofte van een Kind<br \/>\nongeloof, verstening worden tot hoop en vertrouwen<br \/>\ndaar waar de hemel de aarde raakt.<br \/>\nGod, kom met Uw Geest, open ons hart, om Uw tekens te verstaan.<\/p>\n<p><strong>2e Advent:<\/strong><br \/>\nDe hemel raakt de aarde waar harten worden geopend<br \/>\nvoor het wonder van Gods komen onder mensen;<br \/>\naltijd weer raakt de hemel de aarde.<br \/>\nGod, kom met Uw Geest, open ons voor Uw aanwezigheid.<\/p>\n<p><strong>3e Advent:<\/strong><br \/>\nDe hemel raakt de aarde daar waar mensen elkaar ontmoeten,<br \/>\nGods licht zichtbaar wordt in woorden van zegen<br \/>\ndaar raakt de hemel de aarde.<br \/>\nGod, kom met Uw Geest, opdat wij goede woorden spreken.<\/p>\n<p><strong>4e Advent:<\/strong><br \/>\nDe hemel raakt de aarde, Johannes is zijn naam<br \/>\nwegbereider om onze voeten te kunnen zetten op de weg van de vrede;<br \/>\ndaar raakt de hemel de aarde.<br \/>\nGod, kom met Uw Geest, doe Uw stralende Licht over ons opgaan.<\/p>\n<p><strong>Kerst:<\/strong><br \/>\nDe hemel raakt de aarde, een Kind ons geboren<br \/>\nZoon ons gegeven, gewikkeld in doeken<br \/>\ndeze Koning van de vrede, engelen zingen over dit Kind<br \/>\nWaarin de hemel de aarde raakt.<br \/>\nGod, kom met Uw Geest, open ons voor Uw vrede.<\/p>\n<p>Hartelijke groet,<br \/>\nGerja Vedelaar en Ina Hospers<\/p>\n<p><strong>\u2026C.V.N<\/strong><br \/>\nDinsdag 15 december houden<br \/>\nwe onze jaarlijkse kerstavond.<br \/>\nHet begint om 20.00 uur<br \/>\nen is in de SOW-kerk.<br \/>\nGasten zijn van harte welkom<\/p>\n<p>Martje v.d. Meer<\/p>\n<p><strong>\u2026 Gespreksgroep <\/strong><br \/>\nWoensdag 16 dec. komt de gespreksgroep weer bij elkaar<br \/>\nbij de fam. Woltinge Vliegtuigweg 3 d om 20.00 uur<br \/>\nwe bespreken Joh. 8 vers 1-11<br \/>\nJezus in gesprek met een op heterdaad betrapte zondares<br \/>\nU bent van harte welkom<\/p>\n<p>Marijke Lindemulder<\/p>\n<p><strong>\u2026Incasso collectebonnen<\/strong><br \/>\nBegin januari zullen de incasso\u2019s voor de in het vierde kwartaal aangeschafte collectebonnen uitgaan. Vanwege belastingaangifte kan het voordelig zijn om de incasso in december uit te laten voeren. Als u dit wilt, dan graag een seintje aan ondergetekende, bij voorkeur via email: j.wander@hotmail.com.<br \/>\nJohan Wander<\/p>\n<p><strong>\u2026Verjaardagsfonds<\/strong><br \/>\nDe laatste jaren is het aantal collectanten voor het verjaardagsfonds steeds verder teruggelopen en is het op een uitzondering na niet gelukt nieuwe collectanten te vinden. We hebben daardoor bij lange na geen totale dekking van onze gemeente. Daarom hebben we besloten om per 31-12-15 te stoppen met op deze wijze collecteren.<br \/>\nDe collectanten worden vriendelijk verzocht om binnenkort het verjaardagsbusje bij ondergetekende in te leveren (bij een kerkdienst of thuis).<\/p>\n<p>Namens de diaconie<br \/>\nJohan Wander<\/p>\n<p><strong>\u2026 een reactie<\/strong><br \/>\nZondagochtend 1 november de anders dan anders kerkdienst. Toch nieuwsgierig wat het zou worden. Eerst samen gezellig koffie drinken en daarna de dienst. De opstelling in de kerk heel anders zo tegenover elkaar. Toch mooi kon ik nog eens zwaaien naar die ander tegenover mij. Fijn dat er zo veel mensen in de kerk waren. Ik vond het een mooie dienst , ik heb er van genoten.<br \/>\nMaar hebben wij niet altijd een andere kerkdienst. Elke zondag ga ik nieuwsgierig naar de kerk wat zou de dominee namens God mij te zeggen hebben, de afkondiging het zingen van de liederen die wij vol overgave mee zingen en soms moeten wij er ons door heen zwoegen, maar zijn het hele mooie woorden, het medeleven met onze naaste in het bidden en danken en dan de zegen die wij mee krijgen en dan na de dienst even een praatje met iemand,  zijn dat geen waardevolle dingen. Ook ik ga wel eens naar de kerk en heb er niets aan gehad voor mijn gevoel, heb niet eens de afkondiging gehoord en de preek kan ik mij niets meer van herinneren, was mijn hoofd vol van andere dingen. Maar dan ineens een paar dagen later schiet mij toch een woord of iets uit de preek te binnen en denk ik erover na en realiseer ik mij zou het de heilige geest zijn die mij toch een duwtje geeft om toch weer nieuwsgierig naar de kerk te kunnen en te mogen gaan.<\/p>\n<p>Een hartelijke groet van een gemeente lid.<\/p>\n<p><strong>De dorpskerken in de Noordoostpolder zijn \u2018Goede Buren\u2019<\/strong><br \/>\n\u2018Goede Buren\u2019 is het jaarthema van de landelijke Protestantse Kerk en veel lokale kerkelijke gemeenten. Het is een thema dat al een aantal jaren op de agenda staat van onze dorpskerken in de Noordoostpolder. Wij beschouwen elkaar ook als goede buren. Daarom zoeken wij elkaar op via het platform van het Dorpskerkenoverleg. Hier wordt het wel en wee van onze gemeenten gedeeld en regelmatig gesproken over het \u2018kerk zijn voor het dorp\u2019. De predikanten en kerkelijk werkers zien elkaar ook als goede buren. Zij lunchen af en toe samen en bespreken dan persoonlijke en werk gerelateerde zaken. In een reeks kerkblad artikelen vertellen de predikanten en kerkelijk werkers hoe zij en hun gemeenten invulling geven aan een goede buur te zijn. Onderstaand artikel is de derde in de reeks: De Protestantse Gemeente Creil-Espel<\/p>\n<p>Ik ben trots op onze landelijke kerk. Zij probeert missionair te zijn: kerk naar buiten. Denk maar aan de pioniersplaatsen die gesticht zijn. Bijvoorbeeld in een Vinex-wijk in Den Haag. Ik las hoe dat gaat. Je start met niks. Je begint met present zijn. In de buurt. Contact leggen. Met de buurtwerker en anderen die de wijk kennen. Met als vragen: wat speelt hier? Wat zijn de vragen en noden? Aanwezig zijn op een nieuwjaarsreceptie. Enzovoort. Dat zette mij op een nieuw spoor. Hoe kunnen wij in de polder (weer) pionieren? Hoe kan ik dat zelf? Ik heb hart voor God en mensen. Ik heb hart voor onze dorpen. Ik ontdekte bij de pioniers: je moet uit je comfortzone komen. Je moet stappen nemen. En ik deed hetzelfde. Ik had een gesprek met de voorzitters van dorpsbelang van Creil en Espel. Ik kom jaarlijks bij de jaarvergadering van dorpsbelang en op de nieuwjaarsreceptie. Zo probeer ik aanwezig te zijn in het dorp. En dat doet iets. Het wordt gezien. Het wordt gewaardeerd. Ik leer meer mensen kennen. Spontaan krijg je gesprekken, soms heel persoonlijk en soms over het geloof. Dat is warm en dat is mooi. Maar je moet wel een drempel over. Namens onze gemeente breng ik de zogenaamde dorpsbijbel bij nieuwe dorpsbewoners. Dat is een nieuwe testament met een eigen omslag met foto\u2019s van de kerk van Creil en Espel. De burgemeester heeft een voorwoord geschreven en ik schreef een verhaal over onze gemeente. Wie we zijn en wat we doen. Een presentje. En een eerste contact. Als symbool dat we voor al onze dorpsgenoten iets willen betekenen. Waar dat kan en waar dat op prijs gesteld wordt. <\/p>\n<p>Ik ben ook trots op onze plaatselijke kerk. Het thema \u201cGoede buren\u201d voelt als een geschenk op het juiste moment. En we zijn daar samen mee bezig, gemeente breed. Op de startzondag kreeg ieder een roos mee om uit te delen aan buren. Nooit geweten dat een roos zoveel kan doen. Het geeft mensen een heel ander beeld van de kerk! En een heel persoonlijk gesprek met de buren. We hadden de cabaret voorstelling van Twee boeren en een dominee, met als thema Goede buren. Onze kerk bracht een kavel in op een veiling ten behoeve van kunstgras voor het voetbalveld. Wat betreft het groothuisbezoek starten we een pilot om ook buren uit te nodigen. We halen een pionier van onze landelijke kerk naar Creil: Arjen ten Brinke, pionier van het eerste uur in Wateringseveld in Den Haag. Samen met zijn vrouw Annemarie schreef hij een boek over hun ervaringen met als titel: \u201cZet de deur van je huis maar open!\u201d. Hij hoopt te komen op maandagavond 25 januari om 20.00 uur in de kerk van Creil. Jullie zijn allemaal welkom! Vooraf is er koffie\/thee en er is een collecte voor de onkosten. Hij komt niet vertellen hoe het moet. Hij komt ons inspireren om op onze eigen manier aan de slag te gaan. Daarna willen we met een groepje enkele keren bij elkaar komen om hun boekje te lezen en te kijken hoe je dit thema praktisch kunt maken. Op je eigen manier, jij zoals jij bent, op je eigen plek in je eigen netwerk. De ervaring van de startzondag (die roos) leert dat als je iets samen doet, dat het dan gemakkelijker gaat. Want \u00e9\u00e9n ding is zeker: bij pionieren moet je uit je comfortzone komen. Je moet altijd een drempel over. En samen, in geloof, in vertrouwen gaat dat beter. Wij  wensen jullie uit Creil-Espel een goede Pioniers-Geest toe!<\/p>\n<p>Ds. Wim Kok<\/p>\n<p><strong>\u2026Schrijfmarathon Amnesty <\/strong><br \/>\nHet schrijven van brieven lijkt een verdwenen ambacht. Maar schijn bedriegt.<br \/>\nOp 10 december \u2013 de Dag van de Mensenrechten \u2013 triomfeert de persoonlijke, handgeschreven brief tijdens Amnesty\u2019s Schrijfmarathon. Van Nieuw-Zeeland tot Ghana en van Brazili\u00eb tot Japan klimmen mensen in de pen. Ze vragen om vrijlating van gewetensgevangenen. Om terugdringing van de doodstraf, marteling en discriminatie. Ze geven hoop aan gevangen mensenrechtenverdedigers.<br \/>\nOok in Emmeloord kun je meedoen aan de wereldwijde schrijfmarathon. Amnesty, groep Noordoostpolder, nodigt je van harte uit een brief te schrijven. Dat kan op 10 december van 11.00h tot 17.30h in de bibliotheek, Harmen Visserplein 5 te Emmeloord. Je kunt zo binnenlopen. Koffie en thee zijn voor onze rekening.<br \/>\nWil je meer informatie? Kijk dan op onze website www.noordoostpolder.amnesty.nl.<br \/>\nTot op 10 december, <\/p>\n<p>Hartelijke groeten,<br \/>\nWerkgroep Noordoostpolder van Amnesty International <\/p>\n<p><strong>NBG introduceert bijbelblad Alef op Bijbelfestival<\/strong><br \/>\nOp het Bijbelfestival in DeFabrique in Utrecht introduceerde het Nederlands Bijbelgenootschap een nieuw Bijbelblad voor kinderen van 7 tot 12 jaar: Alef<br \/>\nMet Alef kunnen kinderen nu zelf de wereld van de Bijbel ontdekken. Het blad staat boordevol puzzels, weetjes, spannende bijbelverhalen, quizzen en spelletjes. \u2018Alef\u2019 is de eerste letter van het Hebreeuwse alfabet, de taal van het Oude Testament. Alef is ook het figuurtje dat je in het hele blad terug kunt vinden.<br \/>\nUit diverse kinderpanels van het NBG bleek dat kinderen op een leuke en interessante manier bezig willen zijn met de Bijbel. Ook ouders vertelden dat zij het belangrijk vinden dat hun kinderen ontdekken dat de Bijbel ook voor hen interessant is. Met Alef wil het NBG de Bijbel op een vrolijke manier toegankelijk maken voor kinderen.<br \/>\nDe redactie van Alef bestaat uit mensen met kennis op het gebied van de Bijbel, bijbelwetenschap en kinderpedagogiek. Het blad houdt rekening met de verschillende (leer)voorkeuren van kinderen.<br \/>\nAlef verschijnt tien keer per jaar voor \u20ac 15,00.<br \/>\nEen  proefexemplaar en ook het kerstnummer van Alef  zijn gratis te bestellen op <a href=\"http:\/\/www.bijbelgenootschap.nl\/alef\">www.bijbelgenootschap.nl\/alef<\/a>.<br \/>\nAlef wordt mede mogelijk gemaakt dankzij financi\u00eble steun van leden en donateurs van het Nederlands Bijbelgenootschap.<\/p>\n<p><strong>\u2026Bijbelleesrooster<\/strong><br \/>\nWat lezen we vandaag?<br \/>\nDecember<br \/>\nzo. 6 Lucas 1:39-56<br \/>\nma. 7 Lucas 1:57-66<br \/>\ndi. 8 Lucas 1:67-80<br \/>\nwo. 9 Psalm 28<br \/>\ndo. 10 1 Tessalonicenzen 1:1-10<br \/>\nvr. 11 1 Tessalonicenzen 2:1-12<br \/>\nza. 12 1 Tessalonicenzen 2:13-20<br \/>\nzo. 13 1 Tessalonicenzen 3:1-13<br \/>\nma. 14 Psalm 42<br \/>\ndi. 15 1 Tessalonicenzen 4:1-12<br \/>\nwo. 16 1 Tessalonicenzen 4:13-18<br \/>\ndo. 17 1 Tessalonicenzen 5:1-11<br \/>\nvr. 18 1 Tessalonicenzen 5:12-28<br \/>\nza. 19 Psalm 145<br \/>\nzo. 20 Micha 5:1-5<br \/>\nma. 21 Micha 5:6-14<br \/>\ndi. 22 Micha 6:1-8<br \/>\nwo. 23 Micha 6:9-16<br \/>\ndo. 24. Lucas 2:1-14<br \/>\nvr. 25. Lucas 2:15-21<br \/>\nza. 26. Lucas 2:22-35<br \/>\nzo. 27. Lucas 2:36-40<br \/>\nma. 28. Lucas 2:41-52<br \/>\ndi. 29. Micha 7:1-7<br \/>\nwo. 30. Micha 7:8-13<br \/>\ndo. 31. Micha 7:14-20<\/p>\n<p><strong>&#8230;Kerkdiensten<\/strong><\/p>\n<p><strong>Zondag 13 december,  9.30 uur<\/strong><br \/>\n<em>3e advent<\/em><br \/>\nDhr. P. Glas (Nagele)<br \/>\nEerste collecte: Diaconie<br \/>\nTweede collecte: Kerk<br \/>\nKND: Onder en bovenbouw<br \/>\nOppas: fam. J. Bakker<\/p>\n<p><strong>Zondag 20 december, 9.30 uur<\/strong><br \/>\n<em>4e advent<\/em><br \/>\nDs. Aalbersberg (Emmeloord)<br \/>\nEerste collecte: Diaconie<br \/>\nTweede collecte: Kerk<br \/>\nKND: Onder en bovenbouw<br \/>\nOppas: Ruviena en Malloey<\/p>\n<p><strong>Donderdag 24 december, 21.00<\/strong><br \/>\n<em>Kerstnachtdienst <\/em><br \/>\nDs. G. van Rheenen<br \/>\nEerste collecte: Diaconie<br \/>\nTweede collecte: Kerk<br \/>\nKND: geen<br \/>\nOppas: geen<\/p>\n<p><strong>Vrijdag 25 december, 9.30 uur<\/strong><br \/>\n<em>1e Kerstdag<\/em><br \/>\nDs. G. van Rheenen<br \/>\nEerste collecte: Kinderen in de knel<br \/>\nGeef voor kwetsbare kinderen in Moldavi\u00eb<br \/>\nVandaag geven we aan kinderen in Moldavi\u00eb. Ze wonen niet eens zo ver bij ons vandaan, maar hun leven ziet er heel anders uit. Ze zijn straatarm. Veel ouders zijn vertrokken naar de grote steden om daar werk te zoeken. Sommige vaders en moeders grijpen uit wanhoop naar de drank of slaan hun kinderen. Kinderen krijgen nauwelijks gezond te eten en leven in koude, donkere huizen.<br \/>\nDe kerken in Moldavi\u00eb hebben, met steun van Kerk in Actie, kinderopvangcentra opgericht waar deze kinderen welkom zijn. Hier kunnen de kinderen gezellig spelen, ze krijgen hulp bij hun huiswerk en een warme maaltijd. En, wat heel mooi is, de kinderen gaan een keer per week op bezoek bij bejaarden in het dorp om hen een handje te helpen. Want ook de ouderen staan er alleen voor, nu hun kinderen in de problemen zitten. Er zijn in heel Moldavi\u00eb op dit moment al vele tientallen van deze dagcentra, heel vaak een initiatief van de lokale kerken. Dat is echt veel te weinig. Nog veel meer kwetsbare kinderen in Moldavi\u00eb hebben zo\u2019n warme plek nodig. Namens Kerk in Actie vragen we daarom uw gift voor kwetsbare kinderen in Moldavi\u00eb.<br \/>\nTweede collecte: Kerk<br \/>\nKND: Onder en bovenbouw<br \/>\nOppas: fam. M. de Vries<\/p>\n<p><strong>Zondag 27 december, 9:30 uur<\/strong><br \/>\nDs. Oberink ( Urk)<br \/>\nEerste collecte:  ISEE<br \/>\nOok dit jaar dragen we bij aan \u00e9\u00e9n van de projecten van de Jerusalem Children and Community Development Organisation.  In de plaats Debre Berhan, in het noordoosten van Ethiopi\u00eb, wordt aan de armste wijkbewoners geleerd hoe ze de vuilstortplaatsen achter de huizen kunnen omtoveren in tuinen waarin volop groente en fruit wordt geproduceerd. Een ander onderdeel van dit project is het trainen van de mensen in het kleinschalig houden van vee.  De  opbrengst  is niet alleen voor eigen gebruik, maar ook om te verkopen op de markt.<br \/>\nTweede collecte: Kerk<br \/>\nKND: geen<br \/>\nOppas: Mevr. G. v\/d Vlekkert en Lisse<\/p>\n<p><strong>Donderdag 31 december, 19.30 uur<\/strong><br \/>\n<em>Oudejaarsavond<\/em><br \/>\nDs. G. van Rheenen<br \/>\n1e collecte: Eigen gemeentewerk<br \/>\n2e collecte: Kerk<\/p>\n<p><strong>Zondag 3 januari, 9:30 uur<\/strong><br \/>\nDs. G. van Rheenen<br \/>\nEerste collecte: Diaconie<br \/>\nTweede collecte: Kerk<br \/>\nKND: geen<br \/>\nOppas: ?<\/p>\n<p><strong>\u2026Colofon<\/strong><br \/>\nKerkblad van de SOW-Kerk Nagele, negentiende jaargang, nummer 4, december 2015, totaal nummer 200.<br \/>\nRedactie: Willy Boogaard, Elma van der Sar Voorkant: Hans Lamse.<br \/>\nHet kerkblad van januari ligt zondag 3 januari  in de kerk. De kopij kan tot maandag 28 december 19.00 uur ingeleverd worden. Dat kan op Noorderlaan 5 of per email: kerknieuws@pkn-nagele.nl.<br \/>\nPredikant: ds. Gerlof van Rheenen, Willemsvaart 1-504, 8019 AA Zwolle,<br \/>\ntel. 038-3374368, e-mail: predikant@pkn-nagele.nl.<br \/>\nVoorzitter: Jan Hospers<br \/>\nt: 0527-652736, e-mail: voorzitter@pkn-nagele.nl.<br \/>\nScriba: Maja Hospers, t: 0527-652996,<br \/>\ne-mail: scriba@pkn-nagele.nl<br \/>\nLedenadministratie: Wil van den Vlekkert. e-mail: leden@pkn-nagele.nl<br \/>\nTel. nr. kerk: 0527-652571.<br \/>\nWebsite: www.pkn-nagele.nl<\/p>\n","protected":false},"excerpt":{"rendered":"<p>Printversie kerknieuws december 2015 Een nieuw adventslied Ik geloof in mijn God als de kracht, Die het licht ontsteekt, waar het duister is, Die weer glans aanbrengt, waar geen luister is, Die een vuurvlam is in de nacht. Ik geloof in mijn God als de bron, Van waaruit alles leeft<\/p>\n","protected":false},"author":2,"featured_media":0,"comment_status":"closed","ping_status":"closed","sticky":false,"template":"","format":"standard","meta":{"footnotes":""},"categories":[4,104],"tags":[],"class_list":["post-1462","post","type-post","status-publish","format-standard","hentry","category-kerknieuws","category-kerknieuws-2015"],"_links":{"self":[{"href":"https:\/\/www.pkn-nagele.nl\/index.php?rest_route=\/wp\/v2\/posts\/1462","targetHints":{"allow":["GET"]}}],"collection":[{"href":"https:\/\/www.pkn-nagele.nl\/index.php?rest_route=\/wp\/v2\/posts"}],"about":[{"href":"https:\/\/www.pkn-nagele.nl\/index.php?rest_route=\/wp\/v2\/types\/post"}],"author":[{"embeddable":true,"href":"https:\/\/www.pkn-nagele.nl\/index.php?rest_route=\/wp\/v2\/users\/2"}],"replies":[{"embeddable":true,"href":"https:\/\/www.pkn-nagele.nl\/index.php?rest_route=%2Fwp%2Fv2%2Fcomments&post=1462"}],"version-history":[{"count":8,"href":"https:\/\/www.pkn-nagele.nl\/index.php?rest_route=\/wp\/v2\/posts\/1462\/revisions"}],"predecessor-version":[{"id":1495,"href":"https:\/\/www.pkn-nagele.nl\/index.php?rest_route=\/wp\/v2\/posts\/1462\/revisions\/1495"}],"wp:attachment":[{"href":"https:\/\/www.pkn-nagele.nl\/index.php?rest_route=%2Fwp%2Fv2%2Fmedia&parent=1462"}],"wp:term":[{"taxonomy":"category","embeddable":true,"href":"https:\/\/www.pkn-nagele.nl\/index.php?rest_route=%2Fwp%2Fv2%2Fcategories&post=1462"},{"taxonomy":"post_tag","embeddable":true,"href":"https:\/\/www.pkn-nagele.nl\/index.php?rest_route=%2Fwp%2Fv2%2Ftags&post=1462"}],"curies":[{"name":"wp","href":"https:\/\/api.w.org\/{rel}","templated":true}]}}