{"id":1406,"date":"2015-08-26T06:50:13","date_gmt":"2015-08-26T06:50:13","guid":{"rendered":"http:\/\/www.pkn-nagele.nl\/?p=1406"},"modified":"2026-02-16T13:39:24","modified_gmt":"2026-02-16T12:39:24","slug":"kerknieuws-september-2015","status":"publish","type":"post","link":"https:\/\/www.pkn-nagele.nl\/?p=1406","title":{"rendered":"Kerknieuws september 2015"},"content":{"rendered":"<p>In Christus \u00e9\u00e9n,<\/p>\n<p>God riep de aarde tot leven,<br \/>\noneindig groots en wijd en mooi.<br \/>\nEn alles heeft<br \/>\neen eigen stem,<br \/>\neen eigen beeld,<br \/>\neen eigen aard.<br \/>\nNiets is daarin gelijk:<br \/>\nGod is oneindig groot.<\/p>\n<p>Zo heeft hij ook de mens<br \/>\nuit stof<br \/>\nhet leven ingeblazen<br \/>\nen g\u00e9\u00e9n is er gelijk.<\/p>\n<p>Laat ieder ruimte<br \/>\nom te zijn<br \/>\nen geef elkaar een deeltje<br \/>\nom samen \u00e9\u00e9n<br \/>\ntoch \u00e9\u00e9n te zijn<br \/>\nin Christus\u2018 naam.<\/p>\n<p>Laat onder u de gezindheid heersen<br \/>\nDie Christus Jezus had.<br \/>\nFilippenzen 2:5<\/p>\n<p><strong>\u2026 Om te beginnen<\/strong><br \/>\nDe brandende kaars<\/p>\n<p>Nu ik er tot mijn schrik achter kom dat er van mij word verwacht een voorwoord te schrijven voor kerknieuws van september bekruipt mij een wat ongemakkelijk gevoel.<br \/>\nOmdat het niet zo mijn ding is mijn gevoelens aan het papier toe te vertrouwen.<br \/>\nWe staan weer aan het begin van een nieuw seizoen waarin weer vele activiteiten worden opgepakt.<br \/>\nEen van die activiteiten is het dorpskerken overleg.<br \/>\nBelangrijk streven in het dorpskerken overleg is het zolang mogelijk open (draaiende) houden van de kerk (gebouw) in ieder dorp.<br \/>\nAls college van kerkrentmeesters en kerkenraad van Nagele onderschrijven wij dit streven volledig.<br \/>\nVoordeel voor Nagele is dat ons gebouw een rijksmonument is en dat er voor het onderhoud van het gebouw van het rijk een bijdrage is te verwachten.<br \/>\nVerder kunnen we als gemeente ondanks een jaarlijks negatief saldo op de jaarrekening maar dankzij enige financi\u00eble buffer nog wel een aantal jaren voort.<br \/>\nVeel belangrijker bij al dit stoffelijke is dat het licht van Pasen in Nagele mag blijven branden.<br \/>\nElke zondag en soms op andere momenten word de paaskaars ontstoken.<br \/>\nHet symbool van hoop en verwachting in onze onstuimige wereld.<br \/>\nAls scheidend ouderling kerkrentmeester was dit in de afgelopen vier jaar de motivatie om mijn steentje bij te dragen.<\/p>\n<p>Sijtze van der Meer<\/p>\n<p><strong>\u201cTegen de verhoudingen in\u201d <\/strong><br \/>\nIn de Bijbel lezen we meer dan \u00e9\u00e9n keer over een wonderlijke broodvermenigvuldiging. In 2 Koningen 4 is te lezen hoe de profeet Elisa met 20 gerstebroden 100 hongerige mannen voedt en nog over houdt ook.  In Marcus 8 staat beschreven hoe de Here Jezus 4.000 mensen voedt met 7 broden. En ook hier blijft brood over: 7 manden vol.<br \/>\nIn beide verhalen is het de broodvermenigvuldiging die in het oog springt. Maar er is meer.  In II Koningen wordt verteld dat iemand uit Ba\u00e4l Salisa kwam en 20 gerstebroden meenam.<br \/>\nDeze man \u2013 vermoedelijk een boer &#8211;  handelde conform de wetten van Mozes om van de eerste oogst een dankoffer aan de Heer te brengen. Omdat er in die tijd hongersnood was, had hij die 20 broden ook goed kunnen verkopen. Hij doet dat niet. Daar komt bij dat in het gebied waar hij vandaan komt Ba\u00e4l als god van de vruchtbaarheid werd aanbeden.<br \/>\nHij deed daar niet aan mee. M.a.w. deze boer had alle aanleiding om te zeggen \u2018Heer mijn God, de omstandigheden zijn er niet naar om de geboden te onderhouden,<br \/>\nU zult dat wel begrijpen.\u2019 Nee, hij doet er alles aan om dit gebod wel te volbrengen! Zijn komst is misschien wel het grootste wonder in het verhaal. Een teken van volharding en toegewijd geloof.<br \/>\nTegen alle verhoudingen in.<br \/>\nEn dan de spijziging van die 4.000 mensen door de Here Jezus. Opmerkelijk is dat het de tweede keer is dat de Here Jezus dit wonder verricht. Naar schatting twee weken eerder had Hij een nog veel grotere groep mensen weten te verzadigen met 5 broden en 2 vissen. Op wat verschillen in getallen na verlopen die eerste en tweede keer bijna hetzelfde. En dat brengt ons bij een verbazingwekkend moment bij deze tweede keer. Want als Jezus met zijn leerlingen heeft geconstateerd dat die 4.000 mensen niets meer te eten hebben, dan is het toch onbegrijpelijk dat de leerlingen aan Jezus vragen: \u2018Hoe zou iemand hen hier, in deze verlatenheid, van genoeg brood kunnen voorzien?\u2019<br \/>\nHoe kunnen ze dat zeggen? Zij hadden immers 2 weken eerder gezien hoe Jezus nog veel meer mensen van genoeg brood had voorzien! Het wordt even later nog sterker. Als de discipelen met Jezus in een boot zitten hebben zij maar \u00e9\u00e9n brood bij zich. Onderling blijven de discipelen het er dan maar over hebben dat dat ene brood toch echt onvoldoende voor hen is.<br \/>\nDie zorgen van Jezus\u2019 eigen leerlingen vormen een schril contrast met de 4.000 mensen die de dagen ervoor bij Jezus waren gebleven om naar Hem te luisteren. Natuurlijk hadden zij al lang zien aankomen dat ze op een gegeven moment een tekort aan brood zouden hebben.<br \/>\nEn toch\u2026.. en toch waren ze bij Jezus gebleven! Zij moeten er een groot vertrouwen in hebben gehad dat Jezus in alles zou voorzien.<br \/>\nBeide Bijbelverhalen openen ons de ogen voor de overvloedige zorg van God onze Heer. Hij zal voorzien. Ieder mens zal bij Hem geestelijke voldoening kunnen vinden. Tegelijk werpen beide verhalen hun licht op onze menselijke geloofspraktijk. Onze huidige tijd lijkt misschien nog wel het meest op de tijd van de profeten.<br \/>\nDe kerk en het geloof hebben een bloeitijd gekend waar in de huidige eeuw steeds minder van terug te vinden is.<br \/>\nAndere goden hebben hun plaats gekregen: de welvaart, het eigen ik, de vrijheid van meningsuiting, de wetenschap.<br \/>\nHet is best lastig om te midden van die populaire goden te blijven volharden in het geloof! Ik denk dat we dat allemaal wel ervaren.<br \/>\nHet komende seizoen zal ons jaarthema \u2018Goede Buren\u2019 zijn. Dat thema daagt ons uit om ons te presenteren aan onze dorpsgenoten en te vertellen over het christelijk geloof. Ik merk bij mijzelf dat ik daar aarzelingen bij heb. Want: hoe groot is de kloof niet tussen de christelijke grondbeginselen en het leven van de moderne mens? Hoe kunnen we die kloof ooit  overbruggen? En: Wij zijn met relatief weinig. We komen handen tekort.<br \/>\nEn: wij hebben op alle vragen zeker niet een pasklaar antwoord!<br \/>\nBeide Bijbelverhalen sporen ons aan erin te blijven geloven. Ja, tegen alle verhoudingen in! Toch vooral in de kerk te blijven samenkomen en God te danken voor alles wat Hij ons geeft. En toch vooral het brood aan de Avondmaalstafel te blijven breken, als teken van Zijn overvloedige liefde en zorg. Gelukkig zijn wij het zelf niet die hoeven te vermenigvuldigen. Wij hoeven alleen maar door te geven wat Jezus ons aanreikt. Vergeving. Erkenning. Levensvreugde, enz.<br \/>\nPaulus schreef aan de gemeente van Efeze: \u2018Hij, die bij machte is oneindig veel meer te doen dan wij bidden of beseffen, aan Hem komt de eer toe.\u2019 Zo is het inderdaad.<br \/>\nTegen alle verhoudingen in kan Hij oneindig veel meer doen dan wij kunnen bedenken. In ons persoonlijk leven met alle zorgen die we hebben.<br \/>\nIn ons gemeente-zijn in deze tijd.<br \/>\nJa, en in onze dorpsgemeenschap. <\/p>\n<p>(Dit is een samenvatting van de preek van zondag 23 augustus. Lezingen waren: 2 Koningen 4: 42-44 en Marcus 8: 1-21)<\/p>\n<p><strong>\u2026 Meeleven<\/strong><br \/>\nWe leven mee met Wiebe en Marijke Lindemulder (Havenweg 12D). Wiebe krijgt deze periode een intensieve behandeling. Dat vraagt veel van hem en van degenen die om hem heen staan. Wij bidden dat de behandeling effect zal hebben.<br \/>\nAlle betrokkenen kracht en geduld gewenst in het elkaar bijstaan.<\/p>\n<p>Mevr. T. Benjamins (Hakstraat 16) zou deze zomer geopereerd worden in Nieuwegein maar dit is uitgesteld tot begin september. Dat is een tegenslag, want je stelt je er immers op in. Hopelijk dat het nu dan echt kan plaatsvinden.<\/p>\n<p>Bij Douwe Smid (Wendakker 98) zijn bij laatste controles geen nieuwe afwijkingen gevonden. Dat is relatief positief. Wel blijft het een klus om te accepteren dat het lijf niet aankan wat het eerder allemaal deed.<br \/>\nMevr. M. Nijmeijer (Tarwehof 29) werd opgenomen in Zwolle en Enschede voor onderzoek. Inmiddels is zij weer thuis en wachtend op uitslagen.<\/p>\n<p><strong>\u2026 Huwelijksjubilea<\/strong><br \/>\nDeze maand hebben we maar liefst 3 jubilerende echtparen.<br \/>\nOp 16 september zijn dhr. en mevr. Breas (Smeden 5-3.24 te Emmeloord) 60 jaar getrouwd. Een diamanten jubileum!<br \/>\nOp 17 september zijn dhr. en mevr. Nijmeijer (Tarwehof 29) 50 jaar getrouwd. Dit is een gouden huwelijksjubileum.<br \/>\nEn op 21 september zijn Anne en Anita Kuipers (De Klamp 5) 25 jaar getrouwd. Een prachtig zilveren jubileum.<br \/>\nVan welke kleur het jubileum ook is, een mijlpaal dat in dankbaarheid gevierd mag worden. Allemaal van harte gelukgewenst!<\/p>\n<p><strong>\u2026 Geboorte en doop<\/strong><br \/>\nOp 26 juni werd Joost Johannis Hendrik (Joost) geboren, zoon van Jos\u00e9 en Herjan Hooijer en een broertje voor Arjan en Jasper (Noorderlaan 13). \u201cRecht uit het hart zingen wij voor jou, omdat jij ons elke dag weer opnieuw verliefd laat zijn\u201d schrijven Jos\u00e9 en Herjan op het geboortekaartje. Zij willen Joost graag in de kerk laten dopen en daarvoor hebben we zondag 27 september uitgekozen.<br \/>\nBijzonder is dat de zus en zwager van Herjan hierbij graag willen aansluiten door tegelijkertijd hun 2-jarige dochter Jalien te laten dopen. De kerkenraad heeft hier mee in kunnen stemmen.<br \/>\nDe 27e wordt het dus dubbel feest!<\/p>\n<p><strong>\u2026 Bevestiging ambtsdragers<\/strong><br \/>\nTijdens de eerste zondag van september hebben we ruime aandacht voor het aftreden en de bevestiging van ambtsdragers.  Jan de With treedt af als pastoraal ouderling en Sijtze van der Meer als ouderling kerkrentmeester.<br \/>\nVoor hen in de plaats komen Roely Geluk als pastoraal ouderling en Adri Leune als ouderling kerkrentmeester.<br \/>\nJan en Sijtze bedanken we ook van deze plaats voor hun inspanningen tijdens hun afgelopen ambtsperiode.<br \/>\nRoely en Adri bidden we Gods zegen en wijsheid toe voor de taak die zij aanvaarden.<br \/>\nVermeldenswaardig is verder dat Maja Hospers (sriba), Jan Hospers (voorzitter) en Wieke van der Sar (diaken) hebben aangegeven hun ambtsperiode voorlopig te verlengen.<br \/>\nOok daar zijn we ontzettend blij mee.<\/p>\n<p><strong>\u2026 Startzondag<\/strong><br \/>\nWe staan met elkaar aan de start van een nieuw kerkelijk seizoen en net als voorgaande jaren gaan we die feestelijk openen met de startzondag: zondag 13 september. Enkele kerkenraadsleden hebben de voorbereiding op zich genomen. Deze zijn inmiddels in volle gang.<br \/>\nHet thema voor de startzondag is het jaarthema van het nieuwe seizoen: \u2018Goede buren\u2019. Op verschillende manieren zal hier aandacht aan worden gegeven.<br \/>\nNa de dienst volgt er een programma van activiteiten.<br \/>\nWelkom deze feestelijke zondag!<\/p>\n<p><strong>\u2026 Rouwbegeleiding <\/strong><br \/>\nHet komende najaar start er weer een gespreksgroep voor rouwbegeleiding.<br \/>\nIk heb samen met mijn collega\u2019s een uitgebreid informatief gevoerd met \u00e9\u00e9n van de begeleiders mevr. Ella Oost.<br \/>\nIk was onder de indruk met welk een goede zorg deze gespreksgroep geleid wordt.<br \/>\nDe drempel om mee te doen ligt meestal hoog. Voor wie maar een beetje overweegt \u2018zou dit iets voor mij zijn?\u2019 zou ik aanraden zich aan te melden en een individueel kennismakingsgesprek aan te gaan.<br \/>\nDit vindt plaats voordat de groep van start gaat. Zie meer informatie verderop in deze Kerknieuws.<\/p>\n<p><strong>\u2026 Uit het dorpskerkenoverleg<\/strong><br \/>\nIn de zomer zijn de reacties op het plan om een gezamenlijk jeugdwerker aan te stellen verzameld. Deze reacties worden besproken in de eerstvolgende vergadering van de kerngroep. Het komende seizoen wordt een belangrijke tijd voor het dorpskerkenoverleg.<br \/>\nDe subsidiegelden lijken vooralsnog op te drogen en het is nog verkennen wat de volgende stap zal kunnen zijn in de samenwerking.<br \/>\nAls collega-beroepskrachten van de dorpen hebben we het plan opgevat uit te gaan wisselen welke initiatieven in de dorpen worden genomen rond het jaarthema \u2018Goede buren\u2019. Hierover zal in de kerkbladen bericht worden middels een serie artikelen. Op deze wijze willen we meer onderlinge bekendheid geven aan datgene waar we als dorpskerken mee bezig zijn. <\/p>\n<p><strong>\u2026 Geloven.nu<\/strong><br \/>\nOntmoetingskring Geloven.nu komt maandelijks een avond bij elkaar om te praten over een bijbels thema of een Bijbelpassage. Voor de maand september is op het moment van de kopijdatum van deze Kerknieuws nog geen datum en locatie bekend. Dit wordt bekend gemaakt op de site www.pkn-nagele.nl en op het mededelingenbord in de hal van de kerk. We beginnen doorgaans om 20.00u en sluiten om 21.45u af.<br \/>\nWil je meedoen of eerst meer informatie, bel even met Cock Francke<br \/>\n(tel. 06-53291812). <\/p>\n<p><strong>\u2026 Anders dan Anders<\/strong><br \/>\nNoteer vast in de agenda en zegt het voort: \u2018Anders dan anders\u2019, zondag 1 november, SOW-kerk. Thema: \u201cHoezo een kerkdienst?!\u201d Laat je verrassen en prikkelen, want \u2018anders\u2019 zal het zeker zijn! <\/p>\n<p><strong>\u2026 Tenslotte<\/strong><br \/>\nDe zomertijd heeft Gyop\u00e1r en mij veel goeds gebracht. Twee weken hebben we vertoefd in Noorwegen. Wat een adembenemend mooie natuur!<br \/>\nDe rest van de vrije tijd besteedt je dan aan de dingen waar je normaal niet zo aan toe komt: het doen van klusjes in huis, het lezen van een goed boek en bij mooi weer het maken van een flinke fietstocht. Eenmaal weer aan het werk is dat dan ook weer helemaal goed. We zijn beiden dankbaar dat we werk hebben met alle contacten en mogelijkheden die dat geeft.<br \/>\nMijn werkdagen zijn \u2018s maandags, dinsdags en donderdags. Op deze dagen ben ik zoveel mogelijk in het dorp en beschikbaar voor gesprek en overleg. Telefonisch ben ik deze dagen het beste bereikbaar tussen 9.00-9.30 uur en 13.30-14.00 uur (in de kerk 652571 of anders 038-3374368). Heeft u\/jij behoefte aan gesprek of iets te melden, neem dan gerust contact op.  <\/p>\n<p>Een hartelijke groet,<br \/>\nds. Gerlof van Rheenen<\/p>\n<p><strong>\u2026 Agenda<\/strong><br \/>\n6 sept. 9.30u SOW-kerk Bevestiging ambtsdragers<br \/>\n7 sept. 19.30u SOW-kerk vergadering moderamen<br \/>\n9 sept. 19.30u Swifterbant vergadering Classis Flevoland<br \/>\n13 sept. 9.30u SOW-kerk  Startzondag<br \/>\n14 sept. 15.00u SOW-kerk overleg met buurtwerkster<br \/>\n17 sept. 13.15u SOW-kerk vergadering kerngroep dorpskerken<br \/>\n21 sept. 20.00u SOW-kerk vergadering Kerkenraad<br \/>\n27 sept. 9.30u SOW-kerk Doopdienst<\/p>\n<p><strong>&#8230;70+ jarigen september<\/strong><br \/>\n03-09 K. Jongman-Mondria, Karwijhof 7<br \/>\n13-09 H.J.G.T Veltman-Eelderink, Vlashof 18<br \/>\n16-09 C. Jonker, De Klamp 121<br \/>\n19-09 J. Wondergem, Schokkerhaven 25<\/p>\n<p><strong>&#8230;Huwelijksjubilea<\/strong><br \/>\n16-09 dhr. G.G. Breas en mevr. H.J. Breas-Nijhuis, Smeden 5-324 Emmeloord, 60 jaar getrouwd<br \/>\n17-09 dhr. A. Nijmeijer en mevr. W. Nijmeijer-Smit, Tarwehof 29,<br \/>\n50 jaar getrouwd<br \/>\n21-09 dhr. A. Kuipers en mevr. A.J. Kuipers-Woltinge,<br \/>\nDe Klamp 5, 25 jaar getrouwd<\/p>\n<p><strong>&#8230;Mutaties<\/strong><br \/>\nNieuw ingekomen:<br \/>\nVan de Protestantse gemeente te Zwolle, mevr. N.M.<br \/>\nNagtzaam, Palenweg 4<\/p>\n<p>Overgeschreven:<br \/>\nNaar de Hervormde gemeente te Epe, mevr. M. van<br \/>\nBreugel, Zuidwesterringweg 7-2, i.v.m. verhuizing<br \/>\nnaar Hoofdstraat 31 Epe<\/p>\n<p>Naar de Protestantse gemeente te Emmeloord, mevr.<br \/>\nA.J.E. Maatman-Vos, Wendakker 34, i.v.m. verhuizing<br \/>\nnaar De Deel 46 Emmeloord<\/p>\n<p>Naar de Hervormde gemeente te Urk, mevr. C. van Urk, Wendakker 8, i.v.m. verhuizing naar Het Ruim 31 Urk<\/p>\n<p>Verhuisd:<br \/>\nMevr. M.E. Boogaard is verhuisd van Professor Brands-<br \/>\nmaweg 5, naar Vlashof 53<\/p>\n<p>Mevr. N.M. Nagtzaam is verhuisd naar het buitenland<\/p>\n<p><strong>\u2026Bloemengroet<\/strong><br \/>\n28 juni: Mevr.A.M.Dijkstra- Mosselman, Karwijhof 32, als groet.<br \/>\n5 juli: Fam Hooijer, Noorderlaan 13 ivm geboorte zoon Joost.<br \/>\n12 juli: Mevr. H.B. Elzen-Hidding, Emmeloord, als groet.<br \/>\n19 juli: Mevr H.J.F.T. Veltman- Eelderinck, Vlashof 18, als groet.<br \/>\n26 juli: geen bloemen.<br \/>\n2 augustus: Mevr. N. Jansen-de Boer, Domineesweg 9, ivm haar verjaardag.<br \/>\n9 augustus: Mevr.A.J. Jonker-van de Velde,De Klamp 121, ivm haar verjaardag<br \/>\n16 augustus: Jannes Mink, Koolzaadhof 5, als groet.<br \/>\n23 augustus: Dhr W.Lindemulder, Havenweg 12d, ivm zijn verjaardag.<\/p>\n<p><strong>\u2026Collectes<\/strong><br \/>\nKerk<br \/>\nZondag 14 juni 2015 \t\u20ac52,46<br \/>\nZondag 21 juni 2015 \t\u20ac76,46<br \/>\nZondag 28 juni 2015 \t\u20ac46,38<br \/>\nZondag 5 juli 2015 \t\u20ac44,10<br \/>\nZondag 12 juli 2015 \t\u20ac50,53<br \/>\nZondag 19 juli 2015 \t\u20ac37,50<br \/>\nZondag 26 juli 2015 \t\u20ac58,08<\/p>\n<p>Diaconie<br \/>\nZondag 14 juni 2015<br \/>\nVoedselbank \t\t\u20ac57,80<br \/>\nZondag 21 juni 2015<br \/>\nRoosevelthuis \t\t\u20ac 72,12<br \/>\nZondag 28 juni 2015<br \/>\nISEE\t\t\t\u20ac 56,40<br \/>\nZondag 5 juli 2015<br \/>\nJeugdwerk\t\t\u20ac 43,15<br \/>\nZondag 12 juli 2015<br \/>\nDiaconie\t\t\u20ac 50,14<br \/>\nZondag 19 juli 2015<br \/>\nDiaconie\t\t\u20ac 34,70<br \/>\nZondag 26 juli 2015<br \/>\nISEE\t\t\t\u20ac57,80<\/p>\n<p><strong>\u2026Gespreksgroep voor rouwbegeleiding<\/strong><br \/>\nVerlies is een ingrijpende gebeurtenis in het leven van een mens. Staat in de beginperiode aanvankelijk nog ieder om je heen, langzamerhand ebt die belangstelling weg en sta je er alleen voor. Het leven gaat immers door. Je verhaal is bekend. Daar val je anderen niet mee lastig.<\/p>\n<p>Voorwie?<br \/>\nWij willen mensen in de Noordoostpolder en op Urk die zich herkennen in deze situatie, bij elkaar brengen. We denken aan mensen die een echtgeno(o)t(e), partner, (klein)kind, vader moeder, broer, zus of een goede vriend(in) verloren hebben.<\/p>\n<p>Doel<br \/>\nSamen praten over hoe we het verlies van een dierbare kunnen doorl\u00e9ven en met dit verlies verder kunnen leven vanuit een christelijke belevingswereld.<\/p>\n<p>Bekendmaking<br \/>\nIn september plaatsen we een artikel in alle kerkbladen(PKN) van de Noordoostpolder en Urk. Ook staat deze informatie op de websites van diverse PKN-kerken.<br \/>\nDe predikant\/kerkelijk werker legt aan de nabestaanden in hun gemeente\/wijk uit wat de gespreksgroep inhoudt en geeft met toestemming de naam aan ons door.<br \/>\nOok kunt u, kun jij zelf contact opnemen met een van ons v\u00f3\u00f3r 10 oktober.<br \/>\nIn oktober komen we bij mogelijke deelnemers thuis kennismaken.<br \/>\nDaarna kunt u, kun jij besluiten mee te doen met de gespreksgroep.<\/p>\n<p>Werkwijze<br \/>\nTijdens 10 bijeenkomsten die gehouden worden in de periode van november tot Pasen willen we proberen elkaar te steunen, door over het verlies te praten aan de hand van verschillende onderwerpen.<br \/>\nHet is helaas niet mogelijk om halverwege de bijeenkomsten alsnog te gaan deelnemen. Onderwerpen zijn o.a. afscheid nemen, speciale dagen, reacties van de mensen om je heen, gevoelens die boven komen bij het rouwen.<br \/>\nElke bijeenkomst begint met een liturgisch moment, waarvan de inhoud wordt bepaald door de tijd van het kerkelijk jaar. In een hoek van de zaal maken we een \u2018liturgisch hoekje\u2019 : Daar hangt een doek in de kleur van het kerkelijk jaar met daarbij een lijst met namen van de overledenen en hun geboorte- en sterfdatum; er staat ook een kandelaar met een kaars voor iedere overledene en op tafel staat een bloemstuk. De laatste bijeenkomst sluiten we af met een liturgisch moment in de kerkzaal.<br \/>\nNa enige maanden komen we nog een keer bij elkaar om de gespreksgroep af te ronden.<\/p>\n<p>Organisatie<br \/>\nDe begeleiders zijn Janny Bunschoten die een onderwijsachtergrond heeft en Ella Oost-Sol die in het verleden vroedvrouw-verpleegster in Kameroen is geweest. Beiden hebben op verschillende wijzen een rouwproces doorgemaakt en hebben een cursus rouwbegeleiding gevolgd bij het Protestants Diensten Centrum van de PKN. In 2010 hebben zij een bijscholingscursus bij de Landelijke Stichting Rouwbegeleiding gevolgd.<br \/>\n&#8211; Sinds het seizoen 2005\/2006 wordt er jaarlijks een gespreksgroep  georganiseerd.<br \/>\n&#8211; We komen samen in een zaal van de kerk De Ontmoeting in Emmeloord.<br \/>\n&#8211; De bijeenkomst duurt 2 uren en we proberen in overleg met de deelnemers een dagdeel te regelen.<br \/>\n&#8211; Indien nodig proberen we vervoer te regelen.<br \/>\n&#8211; Het aantal deelnemers is tussen 6 en 10 personen.<br \/>\n&#8211; Er zijn geen kosten aan verbonden omdat het valt onder gemeenteopbouw van de kerk. <\/p>\n<p>Contactadressen<br \/>\nMocht u vragen of opmerkingen hebben of willen deelnemen aan een groep dan kunt u contact opnemen met:<\/p>\n<p>Janny Bunschoten<br \/>\nZinkstuk 43<br \/>\n8322 BC Urk<br \/>\nT (0527) 65 23 04<br \/>\nbunja@home.nl<\/p>\n<p>Ella Oost-Sol<br \/>\nHerculesstraat 51<br \/>\n8303 AX Emmeloord<br \/>\nT (0527) 61 61 03<br \/>\nellaoost@hotmail.com\t<\/p>\n<p><strong>\u2026Monumentenweekend 12 en 13 september:<\/strong><br \/>\nhulp gevraagd voor 12 september<br \/>\nVele monumenten in Nederland zetten hun deuren open voor het publiek. Ook onze kerk is gevraagd door de gemeente Noordoostpolder of we hieraan mee willen doen. Zaterdag 12 september van 1 uur tot 5 uur \u2019s middags willen we de kerkdeuren openzetten. Bezoekers kunnen een kopje koffie of thee drinken en het gebouw bezichtigen.<br \/>\nHiervoor vragen we enkele gemeenteleden om daarbij aanwezig te zijn.<br \/>\nU mag dat natuurlijk doen van 1 tot 5 uur maar als u een deel daarvan aanwezig wilt zijn, is ook heel erg fijn.                                                                     U kunt zich opgeven bij Annie Reitsema, tel 652740, anniereitsema@hetnet.nl.<\/p>\n<p><strong>\u2026Verschijningsdatum van het kerkblad.<\/strong><br \/>\nSinds lange tijd verschijnt het nieuwe kerkblad op de laatste zondag van de maand. De kerkenraadsvergadering wordt de 3de maandag van de maand gehouden. Echter de kopy van het kerkblad moet ook vaak deze maandag ingeleverd worden.<br \/>\nHet kort verslag van de kerkenraadsvergadering moet dan in korte tijd geschreven worden. Om hier iets meer tijd voor te hebben is besloten door het moderamen, in overleg met de redactie van het kerkblad, om dit een week op te schuiven.<br \/>\nMet ingang van het kerkblad van oktober verschijnt het kerkblad de eerste zondag van de maand. <\/p>\n<p>Maja Hospers-de Groot.<br \/>\nScriba Prot.Gem.Nagele.<\/p>\n<p><strong>\u2026Gespreksgroep<\/strong><br \/>\nKomend seizoen willen we beginnen met Paulus. We komen  woensdag 23 sept. voor het eerst bij elkaar om 20.00 uur bij Reintje te Raa. <\/p>\n<p>U bent van harte welkom!<br \/>\nMarijke Lindemulder<\/p>\n<p><strong>\u2026CVN<\/strong><br \/>\nDe CVN  houd haar eerste bijeenkomst in dit nieuwe seizoen  op woensdag 23 september om 20.00 uur<br \/>\nin de SOW kerk.<br \/>\nDe familie Vester uit Wezep geeft een presentatie over het Pieterpad.<\/p>\n<p>Gasten zijn van harte welkom<br \/>\nMartje v.d.Meer<\/p>\n<p><strong>\u2026\u2018HET LEVEN GAAT VERDER\u2019, ZEGGEN ZE\u2026<\/strong><br \/>\nMet dit thema organiseert de stichting \u2018Verliezen Verwerken\u2019  Flevoland op zaterdag 17 oktober 2015 de 15e (!) jaarlijkse  Provinciale ontmoetingsdag.<br \/>\nSpreker: Marinus van den Berg.<br \/>\nZelf zegt hij over dit thema: Wie dwaalt in de doolhof van z\u2019n verlies, kan ook het gevoel hebben dat het leven van anderen<br \/>\ndoorgaat, maar dat je eigen leven voorbij is. \u2018Men\u2019 zegt ook dat je \u2018de draad weer moet oppakken\u2019. Maar welke draad, als de<br \/>\nverbinding met wie je liefhad is verbroken? Het is vaak goed bedoeld, maar wat \u2018men\u2019 zegt kan je verwarren en verlammen.<br \/>\n\u2018Rouwen is het in de tijd hervinden van jezelf\u2019, zegt Marinus en vanuit die gedachte wil hij met ons stilstaan bij de belangrijke<br \/>\ndomeinen van het leven. Marinus van den Berg is geestelijk verzorger van hospice Cadenzain Rotterdam en schrijver van vele boeken over verlies en rouw. Er is een boekentafel en veel info, \u2019s middags zijn er workshops, en er is live muziek door Martine Dubois op harp. <\/p>\n<p>Deze dag is bedoeld voor wie rouwt en verdriet heeft om een geliefd iemand die er niet meer is. Je ouder(s), broer of zus,<br \/>\nje partner, je kind of goede vriend(in). In een veilige en warme sfeer lotgenoten ontmoeten en herkenning vinden bij elkaar.<br \/>\nU \/ jij bent van harte welkom!<\/p>\n<p>Plaats: centrum \u2018De Hoeksteen\u2019 in Swifterbant<br \/>\nTijd: Van 10.00-15.30 uur (welkom en koffie vanaf 9.30 uur)<br \/>\nDeelnemersbijdrage: \u20ac 15,&#8211; (incl. koffie\/thee en lunch; overleg is mogelijk); betaling bij aankomst.    <\/p>\n<p>Info en aanmelding(noodzakelijk)bij:<br \/>\nCoby Bijlsma 0527-274368<br \/>\nBrenda Bisschop 0321-323017<br \/>\nAnneke Bouman 0320-222037<br \/>\nHetty de Bondt 036-8483108<\/p>\n<p><strong>\u2026Puzzel<\/strong><\/p>\n<p>Vul in elke zin het juiste getal in. Maak van deze getallen letters. 1=a, 2=b 3=c, enzovoorts.<br \/>\nHet woord dat je nu leest is de oplossing.<\/p>\n<p>1. De wet stond op &#8230; stenen platen<br \/>\n2. Hizkia was &#8230; jaar oud toen hij koning<br \/>\n    werd.<br \/>\n3. Isaak had &#8230; zonen<br \/>\n4. David zocht &#8230; gladde stenen voordat hij<br \/>\n    op Goliat afging.<br \/>\n5. Jakob had &#8230; zonen<br \/>\n6. Er waren &#8230; vrijsteden (of: vluchtsteden)<br \/>\n7. Het land van de Filistijnen telde &#8230;<br \/>\n     steden.<br \/>\n8. De stam Naftali kreeg een gebied<br \/>\n     toegewezen met &#8230; steden en de<br \/>\n     omliggende dorpen.  (Jozua 19:38)<br \/>\n9. Jakob werkte &#8230; jaar lang voor Laban.<br \/>\n10. Het ijzeren  bed van Koning Og van<br \/>\n       Basan was &#8230; el lang en 4 el breed.<br \/>\n11. De regeringsperiode van Achab duurde<br \/>\n       &#8230; jaar.<br \/>\n12. Het licht werd geschapen op dag &#8230;.<br \/>\n13. Jezus had &#8230; speciale leerlingen.<\/p>\n<p>Vul je oplossing in op www.bijbelgenootschap.nl\/prijspuzzel en maak kans op een leuke prijs.<br \/>\nHebt u geen internet, dan kunt u uw oplossing ook per post sturen naar:<br \/>\nNederlands Bijbelgenootschap, Postbus 620, 2003 RP Haarlem, onder vermelding van \u201cPuzzel Getallen\u201d.<br \/>\nUiterste inzenddatum: 20 oktober 2015. De winnaar krijgt schriftelijk bericht.<\/p>\n<p><strong>\u2026Vertaalkwestie in de Bijbel in Gewone Taal<\/strong><\/p>\n<p>Ezechi\u00ebl 37: een nieuwe toekomst<br \/>\nIn Ezechi\u00ebl 37 laat God de profeet Ezechi\u00ebl iets bijzonders zien: een dal dat vol ligt met botten van overleden mensen. Ezechi\u00ebl ziet hoe die botten weer tot leven komen. En dit is de boodschap die daarbij hoort: Zo zal ook het volk van Isra\u00ebl weer tot leven komen.<\/p>\n<p>Het beeld van de doden die tot leven worden gewekt, is een metafoor voor het herstel van het volk Isra\u00ebl. Het \u2018graf\u2019 van de Isra\u00eblieten staat symbool voor hun ballingschap en voor de hopeloze toestand waar ze zich in bevinden.<br \/>\nHet gaat oorspronkelijk dus niet om een letterlijke, maar om een figuurlijke opstanding van Isra\u00ebl. Maar al snel werd in het Jodendom en christendom de betekenis van dit beeld verbreed. Men las deze tekst als een vooruitwijzing naar de opstanding van de doden. Zou het dan niet beter zijn om die uitgebreide betekenis ook in de vertaling de ruimte te geven?<br \/>\nHet gaat dan vooral over de vertaling van vers 12. Letterlijk vertaald staat er: \u2018Dit zegt God, de HEER: Zie, ik open jullie graven, en ik doe jullie uit jullie graven opkomen, mijn volk, en ik zal jullie terugbrengen naar het land van Isra\u00ebl.\u2019<br \/>\nOp dit vers is lang gepuzzeld door de vertalers van de Bijbel in Gewone Taal. De eerste stap was om de strekking van de metafoor helder weer te geven. Op die manier is het duidelijk wat de tekst wil zeggen: God maakt een einde aan de doodse en uitzichtloze toestand van Isra\u00ebl in ballingschap. Dat is weergegeven met de woorden \u2018ik zal jullie weer leven geven\u2019 en \u2018ik zal jullie bevrijden\u2019. Vervolgens kreeg de metafoor een plaats in de tekst in de vorm van een vergelijking.<br \/>\nWe hadden twee alternatieven:<br \/>\na.\tLuister, mijn volk. Ik zal jullie weer leven geven. Het zal zijn alsof ik graven openmaak en dode mensen uit hun graf laat opstaan. Ik zal jullie bevrijden en jullie terugbrengen naar het land Isra\u00ebl.<br \/>\nb.\t Luister, mijn volk. Ik zal jullie weer leven geven, net zoals ik graven openmaak en dode mensen uit hun graf laat opstaan. Ik zal jullie bevrijden en jullie terugbrengen naar het land Isra\u00ebl.<br \/>\nIn beide versies is het duidelijk dat het gaat over bevrijding uit ballingschap. En in beide versies blijft het beeld van de geopende graven bewaard, in de vorm van een vergelijking. Dankzij die vergelijking krijgt de bevrijding uit de ballingschap het juiste gewicht: je moet het vergelijken met opstanding uit de dood.<br \/>\nWelk van deze versies verdiende nu de voorkeur?<br \/>\nIn versie a  is de opstanding niet iets dat daadwerkelijk gebeurt. Met \u2018alsof\u2019 dient de vergelijking alleen maar om te benadrukken hoe bijzonder de bevrijding uit de ballingschap was.<br \/>\nVersie b gaat verder. De God die Isra\u00ebl bevrijdt is nu ook de God die de doden uit hun graven laat opstaan. Deze formulering past bij de betekenis die de latere geloofstraditie aan Ezechi\u00ebl 37 heeft toegekend. Zo blijft de continu\u00efteit met de gangbare duiding van Ezechi\u00ebl 37 bewaard.<br \/>\nUiteindelijk is voor deze tweede optie gekozen in de Bijbel in Gewone Taal. We vertalen immers geen dode teksten uit een voorbij verleden, maar levende teksten die onderdeel zijn van een traditie. Die traditie blijft leven, ook in gewone taal.<\/p>\n<p>Bron: Blog van Mirjam van der Vorm-Croughs op www.bijbelingewonetaal.nl<\/p>\n<p><strong>\u2026Bijbelleesrooster<\/strong><\/p>\n<p>Wat lezen we vandaag?<br \/>\nSeptember<br \/>\ndi. 1 Leviticus 26:27-39<br \/>\nwo. 2 Leviticus 26:40-46<br \/>\ndo. 3 Leviticus 27:1-13<br \/>\nvr. 4 Leviticus 27:14-25<br \/>\nza. 5 Leviticus 27:26-34<br \/>\nzo. 6 Jakobus 1:1-18<br \/>\nma. 7 Jakobus 1:19-27<br \/>\ndi. 8 Jakobus 2:1-13<br \/>\nwo. 9 Jakobus 2:14-26<br \/>\ndo. 10 Jakobus 3:1-12<br \/>\nvr. 11 Jakobus 3:13-18<br \/>\nza. 12 Marcus 9:1-13<br \/>\nzo. 13 Marcus 9:14-29<br \/>\nma. 14 Marcus 9:30-37<br \/>\ndi. 15 Marcus 9:38-50<br \/>\nwo. 16 Jesaja 24:1-13<br \/>\ndo. 17 Jesaja 24:14-23<br \/>\nvr. 18 Jesaja 25:1-12<br \/>\nza. 19 Psalm 86<br \/>\nzo. 20 Jakobus 4:1-10<br \/>\nma. 21 Jakobus 4:11-17<br \/>\ndi. 22 Jakobus 5:1-6<br \/>\nwo. 23 Jakobus 5:7-12<br \/>\ndo. 24 Jakobus 5:13-20<br \/>\nvr. 25 Psalm 119:97-104<br \/>\nza. 26 Jesaja 26:1-6<br \/>\nzo. 27 Jesaja 26:7-19<br \/>\nma. 28 Jesaja 26:20-27:6<br \/>\ndi. 29 Jesaja 27:7-13<br \/>\nwo. 30 Psalm 119:105-112<br \/>\nOktober<br \/>\ndo. 1 Maleachi 1:1-5<br \/>\nvr. 2 Maleachi 1:6-14<br \/>\nza. 3 Maleachi 2:1-9<br \/>\nzo. 4 Maleachi 2:10-16<\/p>\n<p><strong>&#8230;Kerkdiensten<\/strong><\/p>\n<p><strong>Zondag 6 september 9.30 uur<\/strong><br \/>\n<em>Bevestiging ambtsdragers<\/em><br \/>\nDs. G. van Rheenen<br \/>\nEerste collecte: Missionair Werk en Kerkgroei  Help de nieuwe kerk in Jorwerd. Vandaag collecteren we voor pioniersplekken van de Protestantse Kerk. We vragen uw aandacht voor Nijkleaster, pioniersplek in Jorwerd op het Friese platteland. Deze pioniersplek zoekt naar nieuwe wegen voor inspiratie en zingeving. De grote wens is om in Jorwerd een klooster te realiseren waar mensen zich in alle rust kunnen terugtrekken en elkaar kunnen ontmoeten in liturgie en gesprek, in stilte en wandeling. Er zijn nu al wekelijkse kloostervieringen met een wandeltocht en maandelijkse Nijkleasterdagen. Binnen afzienbare tijd is een locatie voor overnachtingen beschikbaar waardoor mensen die zoeken naar inspiratie en gemeenschap er langer kunnen verblijven.<br \/>\nTweede collecte: Kerk<br \/>\nKND: geen<br \/>\nOppas: mw. G. v.d. Vlekkert \/ Lisse<\/p>\n<p><strong>Zondag 13 september, 9:30 uur <\/strong><br \/>\n<em>Startdienst<\/em><br \/>\nDs. G. van Rheenen<br \/>\nEerste collecte: Jeugdwerk<br \/>\nKleine momenten van grote waarde. Een gelovig leven begint meestal thuis. Als kinderen heel klein zijn, voelen zij aan wat leven met God voor hun ouders betekent. Als ze wat groter worden, zien ze het in de keuzes die hun ouders maken en proeven ze het in het lezen uit de bijbel en het bidden. Regelmatig oogt het misschien als kleine gebaren. Maar ze zijn van grote waarde. Om (groot)ouders te helpen om hun kinderen op te voeden met geloof ontwikkelde JOP cursussen geloofsopvoeding en uitgaves zoals Moments, Geloven met Plezier en de Samenleesbijbel. De Samenleesbijbel is de Bijbel in Gewone Taal, aangevuld met 500 pagina\u2019s met extra materiaal voor kinderen van 8-12 jaar en is gemaakt door het Nederlands Bijbelgenootschap (NBG) in samenwerking met JOP, Jeugdorganisatie van de Protestantse Kerk in Nederland en met uitgeverij Royal Jongbloed. Met de opbrengst van de collecte kan JOP door blijven gaan met het ondersteunen van ouders, jeugdwerkers en predikanten bij het overdragen van geloof aan een nieuwe generatie. Van harte aanbevolen!<br \/>\nTweede collecte: Kerk<br \/>\nKND: geen<br \/>\nOppas: mw. T. Wiersma<\/p>\n<p><strong>Zondag 20 september, 9:30 uur<\/strong><br \/>\nDs. T. van Staalduine (Kampen)<br \/>\nEerste collecte:  Vredeswerk<br \/>\nVrede verbindt. Op deze zondag in de Vredesweek collecteren we voor het vredeswerk van de Protestantse Kerk. Iedere dag horen we berichten over conflicten en oorlog. Het oordelen over elkaars religie, geaardheid of politieke kleur brengt scheiding tussen mensen. De Protestantse Kerk steunt de vredesprojecten van Kerk in Actie en PAX. Zoals in Mali, waar een christelijke journalist samen met een imam radioprogramma\u2019s maakt over vrede en verzoening. Daarmee bereiken zij duizenden mensen in een door oorlog en tegenstellingen verscheurd land. In Zuid-Sudan heeft een bisschop, met steun van PAX, het vredesdorp Kuron gesticht. Jong en oud, christen en moslim ontplooien vanuit dit dorp initiatieven die de vrede in het land moeten dienen.<br \/>\nTweede collecte: Kerk<br \/>\nKND: onderbouw<br \/>\nOppas: Cock\/Brian<\/p>\n<p><strong>Zondag 27 september, 9:30 uur<\/strong><br \/>\nDs. G. van Rheenen<br \/>\nEerste collecte: ISEE<br \/>\nOok dit jaar dragen we bij aan \u00e9\u00e9n van de projecten van de Jerusalem Children and Community Development Organisation.  In de plaats Debre Berhan, in het noordoosten van Ethiopi\u00eb, wordt aan de armste wijkbewoners geleerd hoe ze de vuilstortplaatsen achter de huizen kunnen omtoveren in tuinen waarin volop groente en fruit wordt geproduceerd. Een ander onderdeel van dit project is het trainen van de mensen in het kleinschalig houden van vee.  De  opbrengst  is niet alleen voor eigen gebruik, maar ook om te verkopen op de markt.<br \/>\nTweede collecte: Kerk<br \/>\nKND: bovenbouw<br \/>\nOppas: mw. J.M. van Maanen<\/p>\n<p><strong>Zondag 4 oktober, 9:30 uur<\/strong><br \/>\nDs. M. van Beusichem (Hattem)<br \/>\nEerste collecte: Kerk en Israel<br \/>\nTweede collecte: Kerk<br \/>\nKND: onderbouw<br \/>\nOppas: Fam. R. van Elburg<\/p>\n<p><strong>\u2026Colofon<\/strong><\/p>\n<p>Kerkblad van de SOW-Kerk Nagele, negentiende jaargang, nummer 1, september 2015, totaal nummer 197.<br \/>\nRedactie: Willy Boogaard, Elma van der Sar Voorkant: Hans Lamse.<br \/>\nHet kerkblad van oktober ligt zondag 4 oktober  in de kerk. De kopij kan tot maandag 28 september 19.00 uur ingeleverd worden. Dat kan op Noorderlaan 5 of per email: kerknieuws@pkn-nagele.nl.<br \/>\nPredikant: ds. Gerlof van Rheenen, Willemsvaart 1-504, 8019 AA Zwolle,<br \/>\ntel. 038-3374368, e-mail: predikant@pkn-nagele.nl.<br \/>\nVoorzitter: Jan Hospers<br \/>\nt: 0527-652736, e-mail: voorzitter@pkn-nagele.nl.<br \/>\nScriba: Maja Hospers, t: 0527-652996,<br \/>\ne-mail: scriba@pkn-nagele.nl<br \/>\nLedenadministratie: Wil van den Vlekkert. e-mail: leden@pkn-nagele.nl<br \/>\nTel. nr. kerk: 0527-652571.<br \/>\nWebsite: www.pkn-nagele.nl<\/p>\n","protected":false},"excerpt":{"rendered":"<p>In Christus \u00e9\u00e9n, God riep de aarde tot leven, oneindig groots en wijd en mooi. En alles heeft een eigen stem, een eigen beeld, een eigen aard. Niets is daarin gelijk: God is oneindig groot. Zo heeft hij ook de mens uit stof het leven ingeblazen en g\u00e9\u00e9n is er<\/p>\n","protected":false},"author":2,"featured_media":0,"comment_status":"closed","ping_status":"closed","sticky":false,"template":"","format":"standard","meta":{"footnotes":""},"categories":[4,104],"tags":[],"class_list":["post-1406","post","type-post","status-publish","format-standard","hentry","category-kerknieuws","category-kerknieuws-2015"],"_links":{"self":[{"href":"https:\/\/www.pkn-nagele.nl\/index.php?rest_route=\/wp\/v2\/posts\/1406","targetHints":{"allow":["GET"]}}],"collection":[{"href":"https:\/\/www.pkn-nagele.nl\/index.php?rest_route=\/wp\/v2\/posts"}],"about":[{"href":"https:\/\/www.pkn-nagele.nl\/index.php?rest_route=\/wp\/v2\/types\/post"}],"author":[{"embeddable":true,"href":"https:\/\/www.pkn-nagele.nl\/index.php?rest_route=\/wp\/v2\/users\/2"}],"replies":[{"embeddable":true,"href":"https:\/\/www.pkn-nagele.nl\/index.php?rest_route=%2Fwp%2Fv2%2Fcomments&post=1406"}],"version-history":[{"count":3,"href":"https:\/\/www.pkn-nagele.nl\/index.php?rest_route=\/wp\/v2\/posts\/1406\/revisions"}],"predecessor-version":[{"id":1409,"href":"https:\/\/www.pkn-nagele.nl\/index.php?rest_route=\/wp\/v2\/posts\/1406\/revisions\/1409"}],"wp:attachment":[{"href":"https:\/\/www.pkn-nagele.nl\/index.php?rest_route=%2Fwp%2Fv2%2Fmedia&parent=1406"}],"wp:term":[{"taxonomy":"category","embeddable":true,"href":"https:\/\/www.pkn-nagele.nl\/index.php?rest_route=%2Fwp%2Fv2%2Fcategories&post=1406"},{"taxonomy":"post_tag","embeddable":true,"href":"https:\/\/www.pkn-nagele.nl\/index.php?rest_route=%2Fwp%2Fv2%2Ftags&post=1406"}],"curies":[{"name":"wp","href":"https:\/\/api.w.org\/{rel}","templated":true}]}}